{"id":8655,"date":"2024-05-30T12:49:00","date_gmt":"2024-05-30T12:49:00","guid":{"rendered":"https:\/\/staging-group.volkswind.fr\/?p=8655"},"modified":"2025-03-27T13:33:40","modified_gmt":"2025-03-27T13:33:40","slug":"volkswind-france-inaugure-10-eoliennes-en-eure-et-loir","status":"publish","type":"post","link":"https:\/\/volkswind.com\/fr\/volkswind-france-inaugure-10-eoliennes-en-eure-et-loir\/","title":{"rendered":"Volkswind France inaugure 10 \u00e9oliennes en Eure-et-Loir"},"content":{"rendered":"\n<p><strong>Volkswind France aura officiellement inaugur\u00e9 le 30 mai 2024 la ferme \u00e9olienne du Bois Elie situ\u00e9e sur les communes de Courbehaye, Cormainville et Guillonville. Ces \u00e9oliennes permettront de fournir en \u00e9lectricit\u00e9 l\u2019\u00e9quivalent des besoins de 31 000 personnes.<\/strong><br><br><strong>10 \u00e9oliennes qui repr\u00e9sentent un investissement total de 29 Millions d\u2019\u20ac<\/strong><br><br>Ce parc \u00e9olien compte 10 \u00e9oliennes d\u2019une puissance de 2,2 MW soit une capacit\u00e9 totale install\u00e9e de 22 MW. Mis en service depuis juillet 2023, le parc produira 65 gigawatt-heures par an, soit suffisamment d\u2019\u00e9lectricit\u00e9 verte pour <strong>satisfaire les besoins annuels d\u2019environ 14300 foyers1<\/strong> (chauffage inclus).<br><br><em>\u00ab Volkswind France en tant que d\u00e9veloppeur, constructeur et exploitant de ce parc <strong>s\u2019est appuy\u00e9 sur les diff\u00e9rentes industries et entreprises locales<\/strong>, pour les ressources et les comp\u00e9tences dont il a eu besoin pour mener \u00e0 bien ce projet. Le montant total investit s\u2019\u00e9l\u00e8ve \u00e0 29 Millions d\u2019\u20ac \u00bb d\u00e9clare Fr\u00e9d\u00e9ric Lobet, Directeur du d\u00e9partement construction chez Volkswind France.<\/em><br><br><strong>Un projet d\u00e9velopp\u00e9 en collaboration avec les territoires pour le respect de l\u2019environnement<\/strong><br><br>Pour Volkswind, le d\u00e9veloppement d\u2019\u00e9nergies renouvelables s\u2019effectue en associant les territoires et s\u2019inscrit sur le long terme. N\u00e9 de l\u2019initiative conjointe des \u00e9lus locaux des communes depuis 2015, il b\u00e9n\u00e9ficie d\u2019un permis de construire et d\u2019une autorisation d\u2019exploiter au titre des ICPE (Installations Class\u00e9es pour la Protection de l\u2019Environnement) obtenus en 2019.<\/p>\n\n\n\n<p><strong>Les mesures environnementales d\u00e9ploy\u00e9es :<\/strong><\/p>\n\n\n\n<p>\u2022 Convention avec l\u2019association Hommes &amp; Territoires, animatrice de la ZPS \u00ab Beauce et Vall\u00e9e de la Conie \u00bb pour la protection des nids de Busards et la contractualisation de 1,6 ha de mesures agro-environnementales (MAEC) afin de mettre en place des zones de couverts v\u00e9g\u00e9taux favorables aux oiseaux de plaine.<br>\u2022 R\u00e9alisation d\u2019une \u00e9tude de l\u2019influence de la densit\u00e9 d\u2019\u00e9oliennes sur les oiseaux de plaine sur 3 ann\u00e9es : au d\u00e9marrage du chantier, \u00e0 la mise en service du parc et 3 \u00e0 5 ans apr\u00e8s la mise en service.<br>\u2022 R\u00e9alisation de suivis de l\u2019activit\u00e9 et de la mortalit\u00e9 des oiseaux et des chauves-souris.<\/p>\n\n\n\n<p><strong>Agir pour la transition \u00e9nerg\u00e9tique<\/strong><\/p>\n\n\n\n<p>La ferme \u00e9olienne permet d\u2019\u00e9viter le rejet d\u2019environ 30 800 tonnes de CO2 par an. L\u2019\u00e9olien est une \u00e9nergie verte qui s\u2019inscrit dans la politique de d\u00e9veloppement d\u2019\u00e9nergie durable indispensable \u00e0 notre environnement et \u00e0 notre s\u00e9curit\u00e9 \u00e9nerg\u00e9tique.<br><br>A l\u2019\u00e9chelle nationale, Volkswind comptabilise d\u00e9sormais la construction de 66 parcs \u00e9oliens et a d\u00e9pass\u00e9 le seuil d\u20191 GigaWatt de puissance install\u00e9e. Pleinement engag\u00e9e dans la lutte contre le r\u00e9chauffement climatique, Volkswind a l\u2019ambition d\u2019atteindre une puissance de 3GW d\u2019ici 2027.<br><br><em>\u00ab La r\u00e9ussite de ces parcs \u00e9oliens d\u00e9montrent que Volkswind et ses \u00e9quipes rel\u00e8vent les grands d\u00e9fis avec efficacit\u00e9 gr\u00e2ce \u00e0 leur engagement r\u00e9solu et \u00e0 leur expertise solide \u00bb<\/em> souligne Jean-Luc Proust, Directeur G\u00e9n\u00e9ral de la soci\u00e9t\u00e9.<\/p>\n\n\n\n<p><strong>L\u2019inauguration en pratique<\/strong><\/p>\n\n\n\n<p>A l\u2019occasion de cette inauguration, le chef du centre r\u00e9gional de Volkswind, Monsieur <em>S\u00e9bastien Beuze<\/em>, partagera la tribune avec Monsieur <strong>Philippe Vigier<\/strong>, d\u00e9put\u00e9 d\u2019Eure-et-Loir, Monsieur <strong>Benoit Pellegrin<\/strong>, pr\u00e9sident de la communaut\u00e9 de commune C\u0153ur de Beauce, Monsieur <strong>Fulbert Leveillard<\/strong>, maire de Courbehaye, Monsieur <strong>Fran\u00e7ois Cottin<\/strong> maire de Guillonville et Monsieur <strong>Jean-Luc Legrand<\/strong> maire de Cormainville.<br><br>Une \u00e9quipe de collaborateurs de l\u2019entreprise accueillera les <strong>\u00e9l\u00e8ves de CM1 et CM2 de l\u2019\u00e9cole de Terminiers<\/strong> autour d\u2019ateliers de sensibilisation aux \u00e9nergies renouvelables et la visite de la base d\u2019une \u00e9olienne. En parall\u00e8le, le <strong>parc \u00e9olien sera ouvert \u00e0 tous \u00e0 partir de 14h<\/strong>. Des activit\u00e9s sont organis\u00e9es au pied de l\u2019\u00e9olienne E08 : une exposition sur l\u2019\u00e9olien, la <strong>d\u00e9couverte du parc vu du ciel avec un drone et un casque de r\u00e9alit\u00e9 virtuelle.\u202f\u202f<\/strong><br><br><strong>A 18h les \u00e9lus couperont le ruban tricolore<\/strong> symbolisant la mise en marche du parc \u00e9olien, producteur d\u2019\u00e9lectricit\u00e9 verte. Ce moment convivial se poursuivra autour d\u2019un cocktail et d\u2019une animation musicale, ouvert \u00e0 tous jusqu\u2019\u00e0 21h.<\/p>\n\n\n\n<p><strong>Les chiffres<\/strong><\/p>\n\n\n\n<figure class=\"wp-block-table\"><table><tbody><tr><td>Nombre d\u2019\u00e9oliennes<\/td><td>10<\/td><\/tr><tr><td>Capacit\u00e9 totale install\u00e9e<\/td><td>22 MW<\/td><\/tr><tr><td>Production annuelle moyenne<\/td><td>65 200 MWh<\/td><\/tr><tr><td>Equivalent de consommation domestique annuelle<\/td><td>14 300 foyers<\/td><\/tr><tr><td>Tonnes de CO2 \u00e9vit\u00e9es2<\/td><td>30 800 tonnes<\/td><\/tr><tr><td>Investissement total<\/td><td>29 Millions d\u2019\u20ac<\/td><\/tr><\/tbody><\/table><\/figure>\n\n\n\n<p><strong>A propos de Volkswind France<\/strong><br><br>Volkswind est\u202fpionni\u00e8re de l\u2019\u00e9olien en Europe, qui con\u00e7oit, d\u00e9veloppe et exploite des parcs \u00e9oliens. Cr\u00e9\u00e9 en 1993 en Allemagne,\u202fVolkswind est install\u00e9e dans l\u2019hexagone\u202fdepuis 2001. L\u2019entreprise a d\u00e9velopp\u00e9 et inaugur\u00e9 d\u00e8s 2006 le\u202fplus\u202fgrand\u202fparc \u00e9olien fran\u00e7ais d\u2019un seul tenant \u00e0 Cormainville-Guillonville (28) (30 \u00e9oliennes de 2 MW). Elle est, depuis 2015, filiale du groupe Suisse Axpo, \u00e9nerg\u00e9ticien de rang mondial. A ce jour, Volkswind a construit plus de 1.000 MW, pour 66 parcs \u00e9oliens en France. Proche\u202fdes territoires,\u202fl\u2019entreprise poss\u00e8de des antennes r\u00e9gionales \u00e0 Amiens, Tours, Montpellier et Limoges, elle compte \u00e0 ce jour pr\u00e8s de 120 salari\u00e9s.<br><br><strong>Contact presse<\/strong><br>Val\u00e9rie Bordeaux<br>Responsable marketing &amp; communication<br>07.85.55.92.25<br>valerie.bordeaux@volkswind.com<\/p>\n","protected":false},"excerpt":{"rendered":"<p>Volkswind France aura officiellement inaugur\u00e9 le 30 mai 2024 la ferme \u00e9olienne du Bois Elie situ\u00e9e sur les communes de Courbehaye, Cormainville et Guillonville. Ces \u00e9oliennes permettront de fournir en \u00e9lectricit\u00e9 l\u2019\u00e9quivalent des besoins de 31 000 personnes. 10 \u00e9oliennes qui repr\u00e9sentent un investissement total de 29 Millions d\u2019\u20ac Ce parc \u00e9olien compte 10 \u00e9oliennes [&hellip;]<\/p>\n","protected":false},"author":1,"featured_media":10523,"comment_status":"closed","ping_status":"closed","sticky":false,"template":"","format":"standard","meta":{"footnotes":""},"categories":[85],"tags":[],"class_list":["post-8655","post","type-post","status-publish","format-standard","has-post-thumbnail","hentry","category-actualites"],"yoast_head":"<!-- This site is optimized with the Yoast SEO plugin v27.4 - https:\/\/yoast.com\/product\/yoast-seo-wordpress\/ -->\n<title>Volkswind France inaugure 10 \u00e9oliennes en Eure-et-Loir | Volkswind<\/title>\n<meta name=\"robots\" content=\"index, follow, max-snippet:-1, max-image-preview:large, max-video-preview:-1\" \/>\n<link rel=\"canonical\" href=\"https:\/\/volkswind.com\/fr\/volkswind-france-inaugure-10-eoliennes-en-eure-et-loir\/\" \/>\n<meta property=\"og:locale\" content=\"fr_FR\" \/>\n<meta property=\"og:type\" content=\"article\" \/>\n<meta property=\"og:title\" content=\"Volkswind France inaugure 10 \u00e9oliennes en Eure-et-Loir | Volkswind\" \/>\n<meta property=\"og:description\" content=\"Volkswind France aura officiellement inaugur\u00e9 le 30 mai 2024 la ferme \u00e9olienne du Bois Elie situ\u00e9e sur les communes de Courbehaye, Cormainville et Guillonville. Ces \u00e9oliennes permettront de fournir en \u00e9lectricit\u00e9 l\u2019\u00e9quivalent des besoins de 31 000 personnes. 10 \u00e9oliennes qui repr\u00e9sentent un investissement total de 29 Millions d\u2019\u20ac Ce parc \u00e9olien compte 10 \u00e9oliennes [&hellip;]\" \/>\n<meta property=\"og:url\" content=\"https:\/\/volkswind.com\/fr\/volkswind-france-inaugure-10-eoliennes-en-eure-et-loir\/\" \/>\n<meta property=\"og:site_name\" content=\"Volkswind\" \/>\n<meta property=\"article:published_time\" content=\"2024-05-30T12:49:00+00:00\" \/>\n<meta property=\"article:modified_time\" content=\"2025-03-27T13:33:40+00:00\" \/>\n<meta property=\"og:image\" content=\"https:\/\/volkswind.com\/wp-content\/uploads\/Inauguration-Cormainville-scaled.jpg\" \/>\n\t<meta property=\"og:image:width\" content=\"2560\" \/>\n\t<meta property=\"og:image:height\" content=\"1198\" \/>\n\t<meta property=\"og:image:type\" content=\"image\/jpeg\" \/>\n<meta name=\"author\" content=\"admin\" \/>\n<meta name=\"twitter:card\" content=\"summary_large_image\" \/>\n<meta name=\"twitter:label1\" content=\"\u00c9crit par\" \/>\n\t<meta name=\"twitter:data1\" content=\"admin\" \/>\n\t<meta name=\"twitter:label2\" content=\"Dur\u00e9e de lecture estim\u00e9e\" \/>\n\t<meta name=\"twitter:data2\" content=\"5 minutes\" \/>\n<script type=\"application\/ld+json\" class=\"yoast-schema-graph\">{\"@context\":\"https:\\\/\\\/schema.org\",\"@graph\":[{\"@type\":\"Article\",\"@id\":\"https:\\\/\\\/volkswind.com\\\/fr\\\/volkswind-france-inaugure-10-eoliennes-en-eure-et-loir\\\/#article\",\"isPartOf\":{\"@id\":\"https:\\\/\\\/volkswind.com\\\/fr\\\/volkswind-france-inaugure-10-eoliennes-en-eure-et-loir\\\/\"},\"author\":{\"name\":\"admin\",\"@id\":\"https:\\\/\\\/volkswind.com\\\/de\\\/#\\\/schema\\\/person\\\/2b26521c1fc5ac94184bd72246884893\"},\"headline\":\"Volkswind France inaugure 10 \u00e9oliennes en Eure-et-Loir\",\"datePublished\":\"2024-05-30T12:49:00+00:00\",\"dateModified\":\"2025-03-27T13:33:40+00:00\",\"mainEntityOfPage\":{\"@id\":\"https:\\\/\\\/volkswind.com\\\/fr\\\/volkswind-france-inaugure-10-eoliennes-en-eure-et-loir\\\/\"},\"wordCount\":832,\"image\":{\"@id\":\"https:\\\/\\\/volkswind.com\\\/fr\\\/volkswind-france-inaugure-10-eoliennes-en-eure-et-loir\\\/#primaryimage\"},\"thumbnailUrl\":\"https:\\\/\\\/volkswind.com\\\/wp-content\\\/uploads\\\/Inauguration-Cormainville-scaled.jpg\",\"articleSection\":[\"Actualit\u00e9s\"],\"inLanguage\":\"fr-FR\"},{\"@type\":\"WebPage\",\"@id\":\"https:\\\/\\\/volkswind.com\\\/fr\\\/volkswind-france-inaugure-10-eoliennes-en-eure-et-loir\\\/\",\"url\":\"https:\\\/\\\/volkswind.com\\\/fr\\\/volkswind-france-inaugure-10-eoliennes-en-eure-et-loir\\\/\",\"name\":\"Volkswind France inaugure 10 \u00e9oliennes en Eure-et-Loir | Volkswind\",\"isPartOf\":{\"@id\":\"https:\\\/\\\/volkswind.com\\\/de\\\/#website\"},\"primaryImageOfPage\":{\"@id\":\"https:\\\/\\\/volkswind.com\\\/fr\\\/volkswind-france-inaugure-10-eoliennes-en-eure-et-loir\\\/#primaryimage\"},\"image\":{\"@id\":\"https:\\\/\\\/volkswind.com\\\/fr\\\/volkswind-france-inaugure-10-eoliennes-en-eure-et-loir\\\/#primaryimage\"},\"thumbnailUrl\":\"https:\\\/\\\/volkswind.com\\\/wp-content\\\/uploads\\\/Inauguration-Cormainville-scaled.jpg\",\"datePublished\":\"2024-05-30T12:49:00+00:00\",\"dateModified\":\"2025-03-27T13:33:40+00:00\",\"author\":{\"@id\":\"https:\\\/\\\/volkswind.com\\\/de\\\/#\\\/schema\\\/person\\\/2b26521c1fc5ac94184bd72246884893\"},\"breadcrumb\":{\"@id\":\"https:\\\/\\\/volkswind.com\\\/fr\\\/volkswind-france-inaugure-10-eoliennes-en-eure-et-loir\\\/#breadcrumb\"},\"inLanguage\":\"fr-FR\",\"potentialAction\":[{\"@type\":\"ReadAction\",\"target\":[\"https:\\\/\\\/volkswind.com\\\/fr\\\/volkswind-france-inaugure-10-eoliennes-en-eure-et-loir\\\/\"]}]},{\"@type\":\"ImageObject\",\"inLanguage\":\"fr-FR\",\"@id\":\"https:\\\/\\\/volkswind.com\\\/fr\\\/volkswind-france-inaugure-10-eoliennes-en-eure-et-loir\\\/#primaryimage\",\"url\":\"https:\\\/\\\/volkswind.com\\\/wp-content\\\/uploads\\\/Inauguration-Cormainville-scaled.jpg\",\"contentUrl\":\"https:\\\/\\\/volkswind.com\\\/wp-content\\\/uploads\\\/Inauguration-Cormainville-scaled.jpg\",\"width\":2560,\"height\":1198},{\"@type\":\"BreadcrumbList\",\"@id\":\"https:\\\/\\\/volkswind.com\\\/fr\\\/volkswind-france-inaugure-10-eoliennes-en-eure-et-loir\\\/#breadcrumb\",\"itemListElement\":[{\"@type\":\"ListItem\",\"position\":1,\"name\":\"Accueil\",\"item\":\"https:\\\/\\\/volkswind.com\\\/fr\\\/\"},{\"@type\":\"ListItem\",\"position\":2,\"name\":\"Volkswind France inaugure 10 \u00e9oliennes en Eure-et-Loir\"}]},{\"@type\":\"WebSite\",\"@id\":\"https:\\\/\\\/volkswind.com\\\/de\\\/#website\",\"url\":\"https:\\\/\\\/volkswind.com\\\/de\\\/\",\"name\":\"Volkswind\",\"description\":\"\",\"potentialAction\":[{\"@type\":\"SearchAction\",\"target\":{\"@type\":\"EntryPoint\",\"urlTemplate\":\"https:\\\/\\\/volkswind.com\\\/de\\\/?s={search_term_string}\"},\"query-input\":{\"@type\":\"PropertyValueSpecification\",\"valueRequired\":true,\"valueName\":\"search_term_string\"}}],\"inLanguage\":\"fr-FR\"},{\"@type\":\"Person\",\"@id\":\"https:\\\/\\\/volkswind.com\\\/de\\\/#\\\/schema\\\/person\\\/2b26521c1fc5ac94184bd72246884893\",\"name\":\"admin\",\"sameAs\":[\"https:\\\/\\\/staging-group.volkswind.fr\"]}]}<\/script>\n<!-- \/ Yoast SEO plugin. -->","yoast_head_json":{"title":"Volkswind France inaugure 10 \u00e9oliennes en Eure-et-Loir | Volkswind","robots":{"index":"index","follow":"follow","max-snippet":"max-snippet:-1","max-image-preview":"max-image-preview:large","max-video-preview":"max-video-preview:-1"},"canonical":"https:\/\/volkswind.com\/fr\/volkswind-france-inaugure-10-eoliennes-en-eure-et-loir\/","og_locale":"fr_FR","og_type":"article","og_title":"Volkswind France inaugure 10 \u00e9oliennes en Eure-et-Loir | Volkswind","og_description":"Volkswind France aura officiellement inaugur\u00e9 le 30 mai 2024 la ferme \u00e9olienne du Bois Elie situ\u00e9e sur les communes de Courbehaye, Cormainville et Guillonville. Ces \u00e9oliennes permettront de fournir en \u00e9lectricit\u00e9 l\u2019\u00e9quivalent des besoins de 31 000 personnes. 10 \u00e9oliennes qui repr\u00e9sentent un investissement total de 29 Millions d\u2019\u20ac Ce parc \u00e9olien compte 10 \u00e9oliennes [&hellip;]","og_url":"https:\/\/volkswind.com\/fr\/volkswind-france-inaugure-10-eoliennes-en-eure-et-loir\/","og_site_name":"Volkswind","article_published_time":"2024-05-30T12:49:00+00:00","article_modified_time":"2025-03-27T13:33:40+00:00","og_image":[{"width":2560,"height":1198,"url":"https:\/\/volkswind.com\/wp-content\/uploads\/Inauguration-Cormainville-scaled.jpg","type":"image\/jpeg"}],"author":"admin","twitter_card":"summary_large_image","twitter_misc":{"\u00c9crit par":"admin","Dur\u00e9e de lecture estim\u00e9e":"5 minutes"},"schema":{"@context":"https:\/\/schema.org","@graph":[{"@type":"Article","@id":"https:\/\/volkswind.com\/fr\/volkswind-france-inaugure-10-eoliennes-en-eure-et-loir\/#article","isPartOf":{"@id":"https:\/\/volkswind.com\/fr\/volkswind-france-inaugure-10-eoliennes-en-eure-et-loir\/"},"author":{"name":"admin","@id":"https:\/\/volkswind.com\/de\/#\/schema\/person\/2b26521c1fc5ac94184bd72246884893"},"headline":"Volkswind France inaugure 10 \u00e9oliennes en Eure-et-Loir","datePublished":"2024-05-30T12:49:00+00:00","dateModified":"2025-03-27T13:33:40+00:00","mainEntityOfPage":{"@id":"https:\/\/volkswind.com\/fr\/volkswind-france-inaugure-10-eoliennes-en-eure-et-loir\/"},"wordCount":832,"image":{"@id":"https:\/\/volkswind.com\/fr\/volkswind-france-inaugure-10-eoliennes-en-eure-et-loir\/#primaryimage"},"thumbnailUrl":"https:\/\/volkswind.com\/wp-content\/uploads\/Inauguration-Cormainville-scaled.jpg","articleSection":["Actualit\u00e9s"],"inLanguage":"fr-FR"},{"@type":"WebPage","@id":"https:\/\/volkswind.com\/fr\/volkswind-france-inaugure-10-eoliennes-en-eure-et-loir\/","url":"https:\/\/volkswind.com\/fr\/volkswind-france-inaugure-10-eoliennes-en-eure-et-loir\/","name":"Volkswind France inaugure 10 \u00e9oliennes en Eure-et-Loir | Volkswind","isPartOf":{"@id":"https:\/\/volkswind.com\/de\/#website"},"primaryImageOfPage":{"@id":"https:\/\/volkswind.com\/fr\/volkswind-france-inaugure-10-eoliennes-en-eure-et-loir\/#primaryimage"},"image":{"@id":"https:\/\/volkswind.com\/fr\/volkswind-france-inaugure-10-eoliennes-en-eure-et-loir\/#primaryimage"},"thumbnailUrl":"https:\/\/volkswind.com\/wp-content\/uploads\/Inauguration-Cormainville-scaled.jpg","datePublished":"2024-05-30T12:49:00+00:00","dateModified":"2025-03-27T13:33:40+00:00","author":{"@id":"https:\/\/volkswind.com\/de\/#\/schema\/person\/2b26521c1fc5ac94184bd72246884893"},"breadcrumb":{"@id":"https:\/\/volkswind.com\/fr\/volkswind-france-inaugure-10-eoliennes-en-eure-et-loir\/#breadcrumb"},"inLanguage":"fr-FR","potentialAction":[{"@type":"ReadAction","target":["https:\/\/volkswind.com\/fr\/volkswind-france-inaugure-10-eoliennes-en-eure-et-loir\/"]}]},{"@type":"ImageObject","inLanguage":"fr-FR","@id":"https:\/\/volkswind.com\/fr\/volkswind-france-inaugure-10-eoliennes-en-eure-et-loir\/#primaryimage","url":"https:\/\/volkswind.com\/wp-content\/uploads\/Inauguration-Cormainville-scaled.jpg","contentUrl":"https:\/\/volkswind.com\/wp-content\/uploads\/Inauguration-Cormainville-scaled.jpg","width":2560,"height":1198},{"@type":"BreadcrumbList","@id":"https:\/\/volkswind.com\/fr\/volkswind-france-inaugure-10-eoliennes-en-eure-et-loir\/#breadcrumb","itemListElement":[{"@type":"ListItem","position":1,"name":"Accueil","item":"https:\/\/volkswind.com\/fr\/"},{"@type":"ListItem","position":2,"name":"Volkswind France inaugure 10 \u00e9oliennes en Eure-et-Loir"}]},{"@type":"WebSite","@id":"https:\/\/volkswind.com\/de\/#website","url":"https:\/\/volkswind.com\/de\/","name":"Volkswind","description":"","potentialAction":[{"@type":"SearchAction","target":{"@type":"EntryPoint","urlTemplate":"https:\/\/volkswind.com\/de\/?s={search_term_string}"},"query-input":{"@type":"PropertyValueSpecification","valueRequired":true,"valueName":"search_term_string"}}],"inLanguage":"fr-FR"},{"@type":"Person","@id":"https:\/\/volkswind.com\/de\/#\/schema\/person\/2b26521c1fc5ac94184bd72246884893","name":"admin","sameAs":["https:\/\/staging-group.volkswind.fr"]}]}},"_links":{"self":[{"href":"https:\/\/volkswind.com\/fr\/wp-json\/wp\/v2\/posts\/8655","targetHints":{"allow":["GET"]}}],"collection":[{"href":"https:\/\/volkswind.com\/fr\/wp-json\/wp\/v2\/posts"}],"about":[{"href":"https:\/\/volkswind.com\/fr\/wp-json\/wp\/v2\/types\/post"}],"author":[{"embeddable":true,"href":"https:\/\/volkswind.com\/fr\/wp-json\/wp\/v2\/users\/1"}],"replies":[{"embeddable":true,"href":"https:\/\/volkswind.com\/fr\/wp-json\/wp\/v2\/comments?post=8655"}],"version-history":[{"count":5,"href":"https:\/\/volkswind.com\/fr\/wp-json\/wp\/v2\/posts\/8655\/revisions"}],"predecessor-version":[{"id":8663,"href":"https:\/\/volkswind.com\/fr\/wp-json\/wp\/v2\/posts\/8655\/revisions\/8663"}],"wp:featuredmedia":[{"embeddable":true,"href":"https:\/\/volkswind.com\/fr\/wp-json\/wp\/v2\/media\/10523"}],"wp:attachment":[{"href":"https:\/\/volkswind.com\/fr\/wp-json\/wp\/v2\/media?parent=8655"}],"wp:term":[{"taxonomy":"category","embeddable":true,"href":"https:\/\/volkswind.com\/fr\/wp-json\/wp\/v2\/categories?post=8655"},{"taxonomy":"post_tag","embeddable":true,"href":"https:\/\/volkswind.com\/fr\/wp-json\/wp\/v2\/tags?post=8655"}],"curies":[{"name":"wp","href":"https:\/\/api.w.org\/{rel}","templated":true}]}}