{"id":15096,"date":"2025-08-20T14:37:29","date_gmt":"2025-08-20T14:37:29","guid":{"rendered":"https:\/\/volkswind.com\/?p=15096"},"modified":"2025-08-20T14:38:05","modified_gmt":"2025-08-20T14:38:05","slug":"inauguration-du-parc-eolien-du-moulin-berlemont-situe-dans-laisne","status":"publish","type":"post","link":"https:\/\/volkswind.com\/fr\/inauguration-du-parc-eolien-du-moulin-berlemont-situe-dans-laisne\/","title":{"rendered":"Inauguration du parc \u00e9olien du Moulin Berlemont situ\u00e9 dans l\u2019Aisne"},"content":{"rendered":"\n<p id=\"message\">Le 12 juin 2025, Volkswind France, aux c\u00f4t\u00e9s des \u00e9lus des communes de Levergies, Joncourt et Fontaine Uterte, a inaugur\u00e9 le parc \u00e9olien du Moulin Berlemont ainsi que le poste de raccordement de Mont Varin. <\/p>\n\n\n\n<p id=\"message\">Ce parc, compos\u00e9 de 9 \u00e9oliennes Nordex N117 pour une puissance totale de 28,8 MW, est en service depuis avril 2023. Il produit chaque ann\u00e9e 75,5 GWh, soit l\u2019\u00e9quivalent de la consommation \u00e9lectrique annuelle de pr\u00e8s de 28\u202f800 personnes, couvrant presque enti\u00e8rement les besoins de la Communaut\u00e9 de communes du Pays du Vermandois.<\/p>\n\n\n\n<p id=\"message\">Le poste de raccordement de Mont Varin, op\u00e9rationnel depuis 2022, permet d\u2019int\u00e9grer efficacement la production des parcs \u00e9oliens au r\u00e9seau \u00e9lectrique national, tout en r\u00e9pondant aux exigences techniques et environnementales. Depuis le lancement du projet en 2011, Volkswind a men\u00e9 une concertation \u00e9troite avec les \u00e9lus locaux et les habitants, garantissant ainsi un d\u00e9veloppement respectueux du territoire.<\/p>\n\n\n\n<p id=\"message\">La journ\u00e9e d\u2019inauguration a \u00e9t\u00e9 rythm\u00e9e par plusieurs temps forts\u202f: ateliers p\u00e9dagogiques pour les \u00e9l\u00e8ves des \u00e9coles locales le matin, visites guid\u00e9es au pied des \u00e9oliennes et pr\u00e9sentation des diff\u00e9rentes \u00e9tapes du projet l\u2019apr\u00e8s-midi, ainsi qu\u2019une visite du poste de raccordement de Mont Varin anim\u00e9e par les \u00e9quipes de Volkswind. L\u2019inauguration officielle s\u2019est d\u00e9roul\u00e9e en pr\u00e9sence des \u00e9lus et des repr\u00e9sentants de Volkswind, suivie d\u2019un tirage au sort, d\u2019un cocktail dinatoire et d\u2019une animation musicale pour cl\u00f4turer cet \u00e9v\u00e9nement convivial.<\/p>\n\n\n\n<p id=\"message\">Cette inauguration t\u00e9moigne de l\u2019engagement de Volkswind \u00e0 d\u00e9velopper des projets int\u00e9gr\u00e9s localement, innovants et b\u00e9n\u00e9fiques pour l\u2019\u00e9conomie et la vie du territoire.<\/p>\n\n\n\n<figure class=\"wp-block-gallery has-nested-images columns-default is-cropped wp-block-gallery-1 is-layout-flex wp-block-gallery-is-layout-flex\">\n<figure class=\"wp-block-image size-large\"><img fetchpriority=\"high\" decoding=\"async\" width=\"1024\" height=\"768\" data-id=\"15100\" src=\"https:\/\/volkswind.com\/wp-content\/uploads\/20250612_151831-1024x768.jpg\" alt=\"\" class=\"wp-image-15100\" srcset=\"https:\/\/volkswind.com\/wp-content\/uploads\/20250612_151831-1024x768.jpg 1024w, https:\/\/volkswind.com\/wp-content\/uploads\/20250612_151831-300x225.jpg 300w, https:\/\/volkswind.com\/wp-content\/uploads\/20250612_151831-768x576.jpg 768w, https:\/\/volkswind.com\/wp-content\/uploads\/20250612_151831-1536x1152.jpg 1536w, https:\/\/volkswind.com\/wp-content\/uploads\/20250612_151831-2048x1536.jpg 2048w\" sizes=\"(max-width: 1024px) 100vw, 1024px\" \/><\/figure>\n\n\n\n<figure class=\"wp-block-image size-large\"><img decoding=\"async\" width=\"1024\" height=\"768\" data-id=\"15103\" src=\"https:\/\/volkswind.com\/wp-content\/uploads\/20250612_184011-1024x768.jpg\" alt=\"\" class=\"wp-image-15103\" srcset=\"https:\/\/volkswind.com\/wp-content\/uploads\/20250612_184011-1024x768.jpg 1024w, https:\/\/volkswind.com\/wp-content\/uploads\/20250612_184011-300x225.jpg 300w, https:\/\/volkswind.com\/wp-content\/uploads\/20250612_184011-768x576.jpg 768w, https:\/\/volkswind.com\/wp-content\/uploads\/20250612_184011-1536x1152.jpg 1536w, https:\/\/volkswind.com\/wp-content\/uploads\/20250612_184011-2048x1536.jpg 2048w\" sizes=\"(max-width: 1024px) 100vw, 1024px\" \/><\/figure>\n\n\n\n<figure class=\"wp-block-image size-large\"><img decoding=\"async\" width=\"1024\" height=\"890\" data-id=\"15112\" src=\"https:\/\/volkswind.com\/wp-content\/uploads\/20250612_184456-1024x890.jpg\" alt=\"\" class=\"wp-image-15112\" srcset=\"https:\/\/volkswind.com\/wp-content\/uploads\/20250612_184456-1024x890.jpg 1024w, https:\/\/volkswind.com\/wp-content\/uploads\/20250612_184456-300x261.jpg 300w, https:\/\/volkswind.com\/wp-content\/uploads\/20250612_184456-768x668.jpg 768w, https:\/\/volkswind.com\/wp-content\/uploads\/20250612_184456-1536x1335.jpg 1536w, https:\/\/volkswind.com\/wp-content\/uploads\/20250612_184456-2048x1780.jpg 2048w\" sizes=\"(max-width: 1024px) 100vw, 1024px\" \/><\/figure>\n\n\n\n<figure class=\"wp-block-image size-large\"><img loading=\"lazy\" decoding=\"async\" width=\"1016\" height=\"1024\" data-id=\"15107\" src=\"https:\/\/volkswind.com\/wp-content\/uploads\/IMG-20250612-WA0002-1016x1024.jpg\" alt=\"\" class=\"wp-image-15107\" srcset=\"https:\/\/volkswind.com\/wp-content\/uploads\/IMG-20250612-WA0002-1016x1024.jpg 1016w, https:\/\/volkswind.com\/wp-content\/uploads\/IMG-20250612-WA0002-298x300.jpg 298w, https:\/\/volkswind.com\/wp-content\/uploads\/IMG-20250612-WA0002-150x150.jpg 150w, https:\/\/volkswind.com\/wp-content\/uploads\/IMG-20250612-WA0002-768x774.jpg 768w, https:\/\/volkswind.com\/wp-content\/uploads\/IMG-20250612-WA0002.jpg 1200w\" sizes=\"(max-width: 1016px) 100vw, 1016px\" \/><\/figure>\n\n\n\n<figure class=\"wp-block-image size-large\"><img loading=\"lazy\" decoding=\"async\" width=\"862\" height=\"1024\" data-id=\"15106\" src=\"https:\/\/volkswind.com\/wp-content\/uploads\/IMG-20250612-WA0004-862x1024.jpg\" alt=\"\" class=\"wp-image-15106\" srcset=\"https:\/\/volkswind.com\/wp-content\/uploads\/IMG-20250612-WA0004-862x1024.jpg 862w, https:\/\/volkswind.com\/wp-content\/uploads\/IMG-20250612-WA0004-252x300.jpg 252w, https:\/\/volkswind.com\/wp-content\/uploads\/IMG-20250612-WA0004-768x913.jpg 768w, https:\/\/volkswind.com\/wp-content\/uploads\/IMG-20250612-WA0004-1293x1536.jpg 1293w, https:\/\/volkswind.com\/wp-content\/uploads\/IMG-20250612-WA0004.jpg 1338w\" sizes=\"(max-width: 862px) 100vw, 862px\" \/><\/figure>\n\n\n\n<figure class=\"wp-block-image size-large\"><img loading=\"lazy\" decoding=\"async\" width=\"940\" height=\"1024\" data-id=\"15118\" src=\"https:\/\/volkswind.com\/wp-content\/uploads\/Moulin-Berlemont-Levergies-940x1024.png\" alt=\"\" class=\"wp-image-15118\" srcset=\"https:\/\/volkswind.com\/wp-content\/uploads\/Moulin-Berlemont-Levergies-940x1024.png 940w, https:\/\/volkswind.com\/wp-content\/uploads\/Moulin-Berlemont-Levergies-275x300.png 275w, https:\/\/volkswind.com\/wp-content\/uploads\/Moulin-Berlemont-Levergies-768x837.png 768w, https:\/\/volkswind.com\/wp-content\/uploads\/Moulin-Berlemont-Levergies-1410x1536.png 1410w, https:\/\/volkswind.com\/wp-content\/uploads\/Moulin-Berlemont-Levergies.png 1613w\" sizes=\"(max-width: 940px) 100vw, 940px\" \/><\/figure>\n\n\n\n<figure class=\"wp-block-image size-large\"><img loading=\"lazy\" decoding=\"async\" width=\"1024\" height=\"768\" data-id=\"15115\" src=\"https:\/\/volkswind.com\/wp-content\/uploads\/Visite-poste-Mont-Varin-1024x768.jpg\" alt=\"\" class=\"wp-image-15115\" srcset=\"https:\/\/volkswind.com\/wp-content\/uploads\/Visite-poste-Mont-Varin-1024x768.jpg 1024w, https:\/\/volkswind.com\/wp-content\/uploads\/Visite-poste-Mont-Varin-300x225.jpg 300w, https:\/\/volkswind.com\/wp-content\/uploads\/Visite-poste-Mont-Varin-768x576.jpg 768w, https:\/\/volkswind.com\/wp-content\/uploads\/Visite-poste-Mont-Varin-1536x1152.jpg 1536w, https:\/\/volkswind.com\/wp-content\/uploads\/Visite-poste-Mont-Varin.jpg 2016w\" sizes=\"(max-width: 1024px) 100vw, 1024px\" \/><figcaption class=\"wp-element-caption\">Poste de raccordement \u00e9lectrique de Mont Varin<\/figcaption><\/figure>\n<\/figure>\n","protected":false},"excerpt":{"rendered":"<p>Le 12 juin 2025, Volkswind France, aux c\u00f4t\u00e9s des \u00e9lus des communes de Levergies, Joncourt et Fontaine Uterte, a inaugur\u00e9 le parc \u00e9olien du Moulin Berlemont ainsi que le poste de raccordement de Mont Varin. Ce parc, compos\u00e9 de 9 \u00e9oliennes Nordex N117 pour une puissance totale de 28,8 MW, est en service depuis avril [&hellip;]<\/p>\n","protected":false},"author":2,"featured_media":15097,"comment_status":"closed","ping_status":"closed","sticky":false,"template":"","format":"standard","meta":{"footnotes":""},"categories":[85],"tags":[],"class_list":["post-15096","post","type-post","status-publish","format-standard","has-post-thumbnail","hentry","category-actualites"],"yoast_head":"<!-- This site is optimized with the Yoast SEO plugin v27.4 - https:\/\/yoast.com\/product\/yoast-seo-wordpress\/ -->\n<title>Inauguration du parc \u00e9olien du Moulin Berlemont situ\u00e9 dans l\u2019Aisne | Volkswind<\/title>\n<meta name=\"robots\" content=\"index, follow, max-snippet:-1, max-image-preview:large, max-video-preview:-1\" \/>\n<link rel=\"canonical\" href=\"https:\/\/volkswind.com\/fr\/inauguration-du-parc-eolien-du-moulin-berlemont-situe-dans-laisne\/\" \/>\n<meta property=\"og:locale\" content=\"fr_FR\" \/>\n<meta property=\"og:type\" content=\"article\" \/>\n<meta property=\"og:title\" content=\"Inauguration du parc \u00e9olien du Moulin Berlemont situ\u00e9 dans l\u2019Aisne | Volkswind\" \/>\n<meta property=\"og:description\" content=\"Le 12 juin 2025, Volkswind France, aux c\u00f4t\u00e9s des \u00e9lus des communes de Levergies, Joncourt et Fontaine Uterte, a inaugur\u00e9 le parc \u00e9olien du Moulin Berlemont ainsi que le poste de raccordement de Mont Varin. Ce parc, compos\u00e9 de 9 \u00e9oliennes Nordex N117 pour une puissance totale de 28,8 MW, est en service depuis avril [&hellip;]\" \/>\n<meta property=\"og:url\" content=\"https:\/\/volkswind.com\/fr\/inauguration-du-parc-eolien-du-moulin-berlemont-situe-dans-laisne\/\" \/>\n<meta property=\"og:site_name\" content=\"Volkswind\" \/>\n<meta property=\"article:published_time\" content=\"2025-08-20T14:37:29+00:00\" \/>\n<meta property=\"article:modified_time\" content=\"2025-08-20T14:38:05+00:00\" \/>\n<meta property=\"og:image\" content=\"https:\/\/volkswind.com\/wp-content\/uploads\/20250612_183203.jpg\" \/>\n\t<meta property=\"og:image:width\" content=\"2125\" \/>\n\t<meta property=\"og:image:height\" content=\"1463\" \/>\n\t<meta property=\"og:image:type\" content=\"image\/jpeg\" \/>\n<meta name=\"author\" content=\"Val\u00e9rie Bordeaux\" \/>\n<meta name=\"twitter:card\" content=\"summary_large_image\" \/>\n<meta name=\"twitter:label1\" content=\"\u00c9crit par\" \/>\n\t<meta name=\"twitter:data1\" content=\"Val\u00e9rie Bordeaux\" \/>\n\t<meta name=\"twitter:label2\" content=\"Dur\u00e9e de lecture estim\u00e9e\" \/>\n\t<meta name=\"twitter:data2\" content=\"3 minutes\" \/>\n<script type=\"application\/ld+json\" class=\"yoast-schema-graph\">{\"@context\":\"https:\\\/\\\/schema.org\",\"@graph\":[{\"@type\":\"Article\",\"@id\":\"https:\\\/\\\/volkswind.com\\\/fr\\\/inauguration-du-parc-eolien-du-moulin-berlemont-situe-dans-laisne\\\/#article\",\"isPartOf\":{\"@id\":\"https:\\\/\\\/volkswind.com\\\/fr\\\/inauguration-du-parc-eolien-du-moulin-berlemont-situe-dans-laisne\\\/\"},\"author\":{\"name\":\"Val\u00e9rie Bordeaux\",\"@id\":\"https:\\\/\\\/volkswind.com\\\/de\\\/#\\\/schema\\\/person\\\/0e8e03d8fc297b84fffd90351c5db913\"},\"headline\":\"Inauguration du parc \u00e9olien du Moulin Berlemont situ\u00e9 dans l\u2019Aisne\",\"datePublished\":\"2025-08-20T14:37:29+00:00\",\"dateModified\":\"2025-08-20T14:38:05+00:00\",\"mainEntityOfPage\":{\"@id\":\"https:\\\/\\\/volkswind.com\\\/fr\\\/inauguration-du-parc-eolien-du-moulin-berlemont-situe-dans-laisne\\\/\"},\"wordCount\":299,\"image\":{\"@id\":\"https:\\\/\\\/volkswind.com\\\/fr\\\/inauguration-du-parc-eolien-du-moulin-berlemont-situe-dans-laisne\\\/#primaryimage\"},\"thumbnailUrl\":\"https:\\\/\\\/volkswind.com\\\/wp-content\\\/uploads\\\/20250612_183203.jpg\",\"articleSection\":[\"Actualit\u00e9s\"],\"inLanguage\":\"fr-FR\"},{\"@type\":\"WebPage\",\"@id\":\"https:\\\/\\\/volkswind.com\\\/fr\\\/inauguration-du-parc-eolien-du-moulin-berlemont-situe-dans-laisne\\\/\",\"url\":\"https:\\\/\\\/volkswind.com\\\/fr\\\/inauguration-du-parc-eolien-du-moulin-berlemont-situe-dans-laisne\\\/\",\"name\":\"Inauguration du parc \u00e9olien du Moulin Berlemont situ\u00e9 dans l\u2019Aisne | Volkswind\",\"isPartOf\":{\"@id\":\"https:\\\/\\\/volkswind.com\\\/de\\\/#website\"},\"primaryImageOfPage\":{\"@id\":\"https:\\\/\\\/volkswind.com\\\/fr\\\/inauguration-du-parc-eolien-du-moulin-berlemont-situe-dans-laisne\\\/#primaryimage\"},\"image\":{\"@id\":\"https:\\\/\\\/volkswind.com\\\/fr\\\/inauguration-du-parc-eolien-du-moulin-berlemont-situe-dans-laisne\\\/#primaryimage\"},\"thumbnailUrl\":\"https:\\\/\\\/volkswind.com\\\/wp-content\\\/uploads\\\/20250612_183203.jpg\",\"datePublished\":\"2025-08-20T14:37:29+00:00\",\"dateModified\":\"2025-08-20T14:38:05+00:00\",\"author\":{\"@id\":\"https:\\\/\\\/volkswind.com\\\/de\\\/#\\\/schema\\\/person\\\/0e8e03d8fc297b84fffd90351c5db913\"},\"breadcrumb\":{\"@id\":\"https:\\\/\\\/volkswind.com\\\/fr\\\/inauguration-du-parc-eolien-du-moulin-berlemont-situe-dans-laisne\\\/#breadcrumb\"},\"inLanguage\":\"fr-FR\",\"potentialAction\":[{\"@type\":\"ReadAction\",\"target\":[\"https:\\\/\\\/volkswind.com\\\/fr\\\/inauguration-du-parc-eolien-du-moulin-berlemont-situe-dans-laisne\\\/\"]}]},{\"@type\":\"ImageObject\",\"inLanguage\":\"fr-FR\",\"@id\":\"https:\\\/\\\/volkswind.com\\\/fr\\\/inauguration-du-parc-eolien-du-moulin-berlemont-situe-dans-laisne\\\/#primaryimage\",\"url\":\"https:\\\/\\\/volkswind.com\\\/wp-content\\\/uploads\\\/20250612_183203.jpg\",\"contentUrl\":\"https:\\\/\\\/volkswind.com\\\/wp-content\\\/uploads\\\/20250612_183203.jpg\",\"width\":2125,\"height\":1463},{\"@type\":\"BreadcrumbList\",\"@id\":\"https:\\\/\\\/volkswind.com\\\/fr\\\/inauguration-du-parc-eolien-du-moulin-berlemont-situe-dans-laisne\\\/#breadcrumb\",\"itemListElement\":[{\"@type\":\"ListItem\",\"position\":1,\"name\":\"Accueil\",\"item\":\"https:\\\/\\\/volkswind.com\\\/fr\\\/\"},{\"@type\":\"ListItem\",\"position\":2,\"name\":\"Inauguration du parc \u00e9olien du Moulin Berlemont situ\u00e9 dans l\u2019Aisne\"}]},{\"@type\":\"WebSite\",\"@id\":\"https:\\\/\\\/volkswind.com\\\/de\\\/#website\",\"url\":\"https:\\\/\\\/volkswind.com\\\/de\\\/\",\"name\":\"Volkswind\",\"description\":\"\",\"potentialAction\":[{\"@type\":\"SearchAction\",\"target\":{\"@type\":\"EntryPoint\",\"urlTemplate\":\"https:\\\/\\\/volkswind.com\\\/de\\\/?s={search_term_string}\"},\"query-input\":{\"@type\":\"PropertyValueSpecification\",\"valueRequired\":true,\"valueName\":\"search_term_string\"}}],\"inLanguage\":\"fr-FR\"},{\"@type\":\"Person\",\"@id\":\"https:\\\/\\\/volkswind.com\\\/de\\\/#\\\/schema\\\/person\\\/0e8e03d8fc297b84fffd90351c5db913\",\"name\":\"Val\u00e9rie Bordeaux\"}]}<\/script>\n<!-- \/ Yoast SEO plugin. -->","yoast_head_json":{"title":"Inauguration du parc \u00e9olien du Moulin Berlemont situ\u00e9 dans l\u2019Aisne | Volkswind","robots":{"index":"index","follow":"follow","max-snippet":"max-snippet:-1","max-image-preview":"max-image-preview:large","max-video-preview":"max-video-preview:-1"},"canonical":"https:\/\/volkswind.com\/fr\/inauguration-du-parc-eolien-du-moulin-berlemont-situe-dans-laisne\/","og_locale":"fr_FR","og_type":"article","og_title":"Inauguration du parc \u00e9olien du Moulin Berlemont situ\u00e9 dans l\u2019Aisne | Volkswind","og_description":"Le 12 juin 2025, Volkswind France, aux c\u00f4t\u00e9s des \u00e9lus des communes de Levergies, Joncourt et Fontaine Uterte, a inaugur\u00e9 le parc \u00e9olien du Moulin Berlemont ainsi que le poste de raccordement de Mont Varin. Ce parc, compos\u00e9 de 9 \u00e9oliennes Nordex N117 pour une puissance totale de 28,8 MW, est en service depuis avril [&hellip;]","og_url":"https:\/\/volkswind.com\/fr\/inauguration-du-parc-eolien-du-moulin-berlemont-situe-dans-laisne\/","og_site_name":"Volkswind","article_published_time":"2025-08-20T14:37:29+00:00","article_modified_time":"2025-08-20T14:38:05+00:00","og_image":[{"width":2125,"height":1463,"url":"https:\/\/volkswind.com\/wp-content\/uploads\/20250612_183203.jpg","type":"image\/jpeg"}],"author":"Val\u00e9rie Bordeaux","twitter_card":"summary_large_image","twitter_misc":{"\u00c9crit par":"Val\u00e9rie Bordeaux","Dur\u00e9e de lecture estim\u00e9e":"3 minutes"},"schema":{"@context":"https:\/\/schema.org","@graph":[{"@type":"Article","@id":"https:\/\/volkswind.com\/fr\/inauguration-du-parc-eolien-du-moulin-berlemont-situe-dans-laisne\/#article","isPartOf":{"@id":"https:\/\/volkswind.com\/fr\/inauguration-du-parc-eolien-du-moulin-berlemont-situe-dans-laisne\/"},"author":{"name":"Val\u00e9rie Bordeaux","@id":"https:\/\/volkswind.com\/de\/#\/schema\/person\/0e8e03d8fc297b84fffd90351c5db913"},"headline":"Inauguration du parc \u00e9olien du Moulin Berlemont situ\u00e9 dans l\u2019Aisne","datePublished":"2025-08-20T14:37:29+00:00","dateModified":"2025-08-20T14:38:05+00:00","mainEntityOfPage":{"@id":"https:\/\/volkswind.com\/fr\/inauguration-du-parc-eolien-du-moulin-berlemont-situe-dans-laisne\/"},"wordCount":299,"image":{"@id":"https:\/\/volkswind.com\/fr\/inauguration-du-parc-eolien-du-moulin-berlemont-situe-dans-laisne\/#primaryimage"},"thumbnailUrl":"https:\/\/volkswind.com\/wp-content\/uploads\/20250612_183203.jpg","articleSection":["Actualit\u00e9s"],"inLanguage":"fr-FR"},{"@type":"WebPage","@id":"https:\/\/volkswind.com\/fr\/inauguration-du-parc-eolien-du-moulin-berlemont-situe-dans-laisne\/","url":"https:\/\/volkswind.com\/fr\/inauguration-du-parc-eolien-du-moulin-berlemont-situe-dans-laisne\/","name":"Inauguration du parc \u00e9olien du Moulin Berlemont situ\u00e9 dans l\u2019Aisne | Volkswind","isPartOf":{"@id":"https:\/\/volkswind.com\/de\/#website"},"primaryImageOfPage":{"@id":"https:\/\/volkswind.com\/fr\/inauguration-du-parc-eolien-du-moulin-berlemont-situe-dans-laisne\/#primaryimage"},"image":{"@id":"https:\/\/volkswind.com\/fr\/inauguration-du-parc-eolien-du-moulin-berlemont-situe-dans-laisne\/#primaryimage"},"thumbnailUrl":"https:\/\/volkswind.com\/wp-content\/uploads\/20250612_183203.jpg","datePublished":"2025-08-20T14:37:29+00:00","dateModified":"2025-08-20T14:38:05+00:00","author":{"@id":"https:\/\/volkswind.com\/de\/#\/schema\/person\/0e8e03d8fc297b84fffd90351c5db913"},"breadcrumb":{"@id":"https:\/\/volkswind.com\/fr\/inauguration-du-parc-eolien-du-moulin-berlemont-situe-dans-laisne\/#breadcrumb"},"inLanguage":"fr-FR","potentialAction":[{"@type":"ReadAction","target":["https:\/\/volkswind.com\/fr\/inauguration-du-parc-eolien-du-moulin-berlemont-situe-dans-laisne\/"]}]},{"@type":"ImageObject","inLanguage":"fr-FR","@id":"https:\/\/volkswind.com\/fr\/inauguration-du-parc-eolien-du-moulin-berlemont-situe-dans-laisne\/#primaryimage","url":"https:\/\/volkswind.com\/wp-content\/uploads\/20250612_183203.jpg","contentUrl":"https:\/\/volkswind.com\/wp-content\/uploads\/20250612_183203.jpg","width":2125,"height":1463},{"@type":"BreadcrumbList","@id":"https:\/\/volkswind.com\/fr\/inauguration-du-parc-eolien-du-moulin-berlemont-situe-dans-laisne\/#breadcrumb","itemListElement":[{"@type":"ListItem","position":1,"name":"Accueil","item":"https:\/\/volkswind.com\/fr\/"},{"@type":"ListItem","position":2,"name":"Inauguration du parc \u00e9olien du Moulin Berlemont situ\u00e9 dans l\u2019Aisne"}]},{"@type":"WebSite","@id":"https:\/\/volkswind.com\/de\/#website","url":"https:\/\/volkswind.com\/de\/","name":"Volkswind","description":"","potentialAction":[{"@type":"SearchAction","target":{"@type":"EntryPoint","urlTemplate":"https:\/\/volkswind.com\/de\/?s={search_term_string}"},"query-input":{"@type":"PropertyValueSpecification","valueRequired":true,"valueName":"search_term_string"}}],"inLanguage":"fr-FR"},{"@type":"Person","@id":"https:\/\/volkswind.com\/de\/#\/schema\/person\/0e8e03d8fc297b84fffd90351c5db913","name":"Val\u00e9rie Bordeaux"}]}},"_links":{"self":[{"href":"https:\/\/volkswind.com\/fr\/wp-json\/wp\/v2\/posts\/15096","targetHints":{"allow":["GET"]}}],"collection":[{"href":"https:\/\/volkswind.com\/fr\/wp-json\/wp\/v2\/posts"}],"about":[{"href":"https:\/\/volkswind.com\/fr\/wp-json\/wp\/v2\/types\/post"}],"author":[{"embeddable":true,"href":"https:\/\/volkswind.com\/fr\/wp-json\/wp\/v2\/users\/2"}],"replies":[{"embeddable":true,"href":"https:\/\/volkswind.com\/fr\/wp-json\/wp\/v2\/comments?post=15096"}],"version-history":[{"count":3,"href":"https:\/\/volkswind.com\/fr\/wp-json\/wp\/v2\/posts\/15096\/revisions"}],"predecessor-version":[{"id":15123,"href":"https:\/\/volkswind.com\/fr\/wp-json\/wp\/v2\/posts\/15096\/revisions\/15123"}],"wp:featuredmedia":[{"embeddable":true,"href":"https:\/\/volkswind.com\/fr\/wp-json\/wp\/v2\/media\/15097"}],"wp:attachment":[{"href":"https:\/\/volkswind.com\/fr\/wp-json\/wp\/v2\/media?parent=15096"}],"wp:term":[{"taxonomy":"category","embeddable":true,"href":"https:\/\/volkswind.com\/fr\/wp-json\/wp\/v2\/categories?post=15096"},{"taxonomy":"post_tag","embeddable":true,"href":"https:\/\/volkswind.com\/fr\/wp-json\/wp\/v2\/tags?post=15096"}],"curies":[{"name":"wp","href":"https:\/\/api.w.org\/{rel}","templated":true}]}}