{"id":13696,"date":"2025-04-24T18:42:15","date_gmt":"2025-04-24T18:42:15","guid":{"rendered":"https:\/\/volkswind.com\/?p=13696"},"modified":"2025-05-22T07:16:04","modified_gmt":"2025-05-22T07:16:04","slug":"journee-portes-ouvertes-au-parc-eolien-de-mont-laurent","status":"publish","type":"post","link":"https:\/\/volkswind.com\/fr\/journee-portes-ouvertes-au-parc-eolien-de-mont-laurent\/","title":{"rendered":"Journ\u00e9e portes ouvertes au parc \u00e9olien de Mont-Laurent"},"content":{"rendered":"\n<h3 class=\"wp-block-heading\"><\/h3>\n\n\n\n<p id=\"message\">Le jeudi 24 avril 2025, Volkswind France et les \u00e9lus de la commune de Mont-Laurent ont organis\u00e9 une <strong>journ\u00e9e portes ouvertes<\/strong> au parc \u00e9olien du Mont-Louis, situ\u00e9 dans les Ardennes. Cet \u00e9v\u00e9nement a permis aux habitants riverains, exploitants, propri\u00e9taires fonciers et acteurs locaux de d\u00e9couvrir les coulisses de ce projet embl\u00e9matique.<\/p>\n\n\n\n<h2 class=\"wp-block-heading\">Un moment de d\u00e9couverte et d\u2019\u00e9change<\/h2>\n\n\n\n<p id=\"message\">S\u00e9bastien Beuze, responsable du centre r\u00e9gional de Volkswind, et Christian Mathy, maire de Mont-Laurent, ont accueilli les visiteurs pour une journ\u00e9e plac\u00e9e sous le signe du partage et de la p\u00e9dagogie. Les participants ont pu explorer la base d\u2019une \u00e9olienne, poser leurs questions sur les \u00e9nergies renouvelables et \u00e9changer avec l\u2019\u00e9quipe Volkswind sur les b\u00e9n\u00e9fices de l\u2019\u00e9olien.<\/p>\n\n\n\n<p id=\"message\">Les discussions ont mis en lumi\u00e8re les atouts du parc \u00e9olien de Mont-Laurent, qui compte <strong>5 \u00e9oliennes d\u2019une puissance de 3 MW chacune<\/strong>. Depuis leur mise en service en juin 2024, ces \u00e9oliennes produisent environ <strong>40,7 GWh par an<\/strong>, permettant de couvrir les besoins \u00e9nerg\u00e9tiques de <strong>12 200 personnes<\/strong>, chauffage inclus.<\/p>\n\n\n\n<figure class=\"wp-block-gallery has-nested-images columns-default is-cropped wp-block-gallery-1 is-layout-flex wp-block-gallery-is-layout-flex\">\n<figure class=\"wp-block-image size-large\"><img fetchpriority=\"high\" decoding=\"async\" width=\"768\" height=\"1024\" data-id=\"13700\" src=\"https:\/\/volkswind.com\/wp-content\/uploads\/IMG_0240-768x1024.jpg\" alt=\"\" class=\"wp-image-13700\" srcset=\"https:\/\/volkswind.com\/wp-content\/uploads\/IMG_0240-768x1024.jpg 768w, https:\/\/volkswind.com\/wp-content\/uploads\/IMG_0240-225x300.jpg 225w, https:\/\/volkswind.com\/wp-content\/uploads\/IMG_0240-1152x1536.jpg 1152w, https:\/\/volkswind.com\/wp-content\/uploads\/IMG_0240-1536x2048.jpg 1536w, https:\/\/volkswind.com\/wp-content\/uploads\/IMG_0240-scaled.jpg 1920w\" sizes=\"(max-width: 768px) 100vw, 768px\" \/><\/figure>\n\n\n\n<figure class=\"wp-block-image size-large\"><img decoding=\"async\" width=\"768\" height=\"1024\" data-id=\"13703\" src=\"https:\/\/volkswind.com\/wp-content\/uploads\/JPO-Mt-Laurent-1-768x1024.jpg\" alt=\"\" class=\"wp-image-13703\" srcset=\"https:\/\/volkswind.com\/wp-content\/uploads\/JPO-Mt-Laurent-1-768x1024.jpg 768w, https:\/\/volkswind.com\/wp-content\/uploads\/JPO-Mt-Laurent-1-225x300.jpg 225w, https:\/\/volkswind.com\/wp-content\/uploads\/JPO-Mt-Laurent-1-1152x1536.jpg 1152w, https:\/\/volkswind.com\/wp-content\/uploads\/JPO-Mt-Laurent-1-1536x2048.jpg 1536w, https:\/\/volkswind.com\/wp-content\/uploads\/JPO-Mt-Laurent-1-scaled.jpg 1920w\" sizes=\"(max-width: 768px) 100vw, 768px\" \/><\/figure>\n<\/figure>\n\n\n\n<h2 class=\"wp-block-heading\">Un projet au service des territoires avec des mesures environnementales exemplaires<strong> \ud83c\udf3f<\/strong><\/h2>\n\n\n\n<p>Pour Volkswind, le d\u00e9veloppement des \u00e9nergies renouvelables s\u2019inscrit dans une vision de long terme, en \u00e9troite collaboration avec les territoires. Le parc \u00e9olien de Mont-Laurent est un exemple concret de cette d\u00e9marche, alliant innovation, respect de l\u2019environnement et retomb\u00e9es positives pour les communaut\u00e9s locales.<\/p>\n\n\n\n<p id=\"message\">Ce projet, lanc\u00e9 en 2012 avec une d\u00e9lib\u00e9ration favorable du conseil municipal, a b\u00e9n\u00e9fici\u00e9 d\u2019un permis de construire et d\u2019une autorisation d\u2019exploiter au titre des <strong>ICPE (Installations Class\u00e9es pour la Protection de l\u2019Environnement)<\/strong>, obtenus en septembre 2019. <\/p>\n\n\n\n<p id=\"message\">Nous nous engageons \u00e0 d\u00e9velopper ses projets dans le respect de l\u2019environnement et de la biodiversit\u00e9. <br>Pour le parc \u00e9olien de Mont-Laurent, plusieurs actions ont \u00e9t\u00e9 mises en \u0153uvre :<br>\u2714 <strong>Bridage des \u00e9oliennes<\/strong> en faveur des chauves-souris.<br>\u2714 <strong>Suivi de l\u2019activit\u00e9 et de la mortalit\u00e9 des oiseaux et des chauves-souris<\/strong>, r\u00e9alis\u00e9 par un bureau d\u2019\u00e9tudes sp\u00e9cialis\u00e9. Si un impact significatif est constat\u00e9, des mesures correctives seront propos\u00e9es.<br>\u2714 <strong>Campagne de r\u00e9ception acoustique<\/strong> apr\u00e8s la mise en service du parc, afin de garantir la conformit\u00e9 de l\u2019installation avec la l\u00e9gislation.<\/p>\n\n\n\n<h3 class=\"wp-block-heading\">Merci \u00e0 tous les participants !<\/h3>\n\n\n\n<p id=\"message\">Nous remercions chaleureusement les \u00e9lus, riverains, exploitants et propri\u00e9taires fonciers pour leur pr\u00e9sence et leur int\u00e9r\u00eat lors de cette journ\u00e9e portes ouvertes. Ensemble, nous avan\u00e7ons vers un avenir o\u00f9 les \u00e9nergies renouvelables jouent un r\u00f4le cl\u00e9 dans la transition \u00e9nerg\u00e9tique.<\/p>\n\n\n\n<p><\/p>\n","protected":false},"excerpt":{"rendered":"<p>Le jeudi 24 avril 2025, Volkswind France et les \u00e9lus de la commune de Mont-Laurent ont organis\u00e9 une journ\u00e9e portes ouvertes au parc \u00e9olien du Mont-Louis, situ\u00e9 dans les Ardennes. Cet \u00e9v\u00e9nement a permis aux habitants riverains, exploitants, propri\u00e9taires fonciers et acteurs locaux de d\u00e9couvrir les coulisses de ce projet embl\u00e9matique. Un moment de d\u00e9couverte [&hellip;]<\/p>\n","protected":false},"author":2,"featured_media":13697,"comment_status":"closed","ping_status":"closed","sticky":false,"template":"","format":"standard","meta":{"footnotes":""},"categories":[85],"tags":[],"class_list":["post-13696","post","type-post","status-publish","format-standard","has-post-thumbnail","hentry","category-actualites"],"yoast_head":"<!-- This site is optimized with the Yoast SEO plugin v27.4 - https:\/\/yoast.com\/product\/yoast-seo-wordpress\/ -->\n<title>Journ\u00e9e portes ouvertes au parc \u00e9olien de Mont-Laurent | Volkswind<\/title>\n<meta name=\"robots\" content=\"index, follow, max-snippet:-1, max-image-preview:large, max-video-preview:-1\" \/>\n<link rel=\"canonical\" href=\"https:\/\/volkswind.com\/fr\/journee-portes-ouvertes-au-parc-eolien-de-mont-laurent\/\" \/>\n<meta property=\"og:locale\" content=\"fr_FR\" \/>\n<meta property=\"og:type\" content=\"article\" \/>\n<meta property=\"og:title\" content=\"Journ\u00e9e portes ouvertes au parc \u00e9olien de Mont-Laurent | Volkswind\" \/>\n<meta property=\"og:description\" content=\"Le jeudi 24 avril 2025, Volkswind France et les \u00e9lus de la commune de Mont-Laurent ont organis\u00e9 une journ\u00e9e portes ouvertes au parc \u00e9olien du Mont-Louis, situ\u00e9 dans les Ardennes. Cet \u00e9v\u00e9nement a permis aux habitants riverains, exploitants, propri\u00e9taires fonciers et acteurs locaux de d\u00e9couvrir les coulisses de ce projet embl\u00e9matique. Un moment de d\u00e9couverte [&hellip;]\" \/>\n<meta property=\"og:url\" content=\"https:\/\/volkswind.com\/fr\/journee-portes-ouvertes-au-parc-eolien-de-mont-laurent\/\" \/>\n<meta property=\"og:site_name\" content=\"Volkswind\" \/>\n<meta property=\"article:published_time\" content=\"2025-04-24T18:42:15+00:00\" \/>\n<meta property=\"article:modified_time\" content=\"2025-05-22T07:16:04+00:00\" \/>\n<meta property=\"og:image\" content=\"https:\/\/volkswind.com\/wp-content\/uploads\/porte-ouverte-Mont-Laurent-dej-scaled.jpg\" \/>\n\t<meta property=\"og:image:width\" content=\"2560\" \/>\n\t<meta property=\"og:image:height\" content=\"2230\" \/>\n\t<meta property=\"og:image:type\" content=\"image\/jpeg\" \/>\n<meta name=\"author\" content=\"Val\u00e9rie Bordeaux\" \/>\n<meta name=\"twitter:card\" content=\"summary_large_image\" \/>\n<meta name=\"twitter:label1\" content=\"\u00c9crit par\" \/>\n\t<meta name=\"twitter:data1\" content=\"Val\u00e9rie Bordeaux\" \/>\n\t<meta name=\"twitter:label2\" content=\"Dur\u00e9e de lecture estim\u00e9e\" \/>\n\t<meta name=\"twitter:data2\" content=\"3 minutes\" \/>\n<script type=\"application\/ld+json\" class=\"yoast-schema-graph\">{\"@context\":\"https:\\\/\\\/schema.org\",\"@graph\":[{\"@type\":\"Article\",\"@id\":\"https:\\\/\\\/volkswind.com\\\/fr\\\/journee-portes-ouvertes-au-parc-eolien-de-mont-laurent\\\/#article\",\"isPartOf\":{\"@id\":\"https:\\\/\\\/volkswind.com\\\/fr\\\/journee-portes-ouvertes-au-parc-eolien-de-mont-laurent\\\/\"},\"author\":{\"name\":\"Val\u00e9rie Bordeaux\",\"@id\":\"https:\\\/\\\/volkswind.com\\\/de\\\/#\\\/schema\\\/person\\\/0e8e03d8fc297b84fffd90351c5db913\"},\"headline\":\"Journ\u00e9e portes ouvertes au parc \u00e9olien de Mont-Laurent\",\"datePublished\":\"2025-04-24T18:42:15+00:00\",\"dateModified\":\"2025-05-22T07:16:04+00:00\",\"mainEntityOfPage\":{\"@id\":\"https:\\\/\\\/volkswind.com\\\/fr\\\/journee-portes-ouvertes-au-parc-eolien-de-mont-laurent\\\/\"},\"wordCount\":439,\"image\":{\"@id\":\"https:\\\/\\\/volkswind.com\\\/fr\\\/journee-portes-ouvertes-au-parc-eolien-de-mont-laurent\\\/#primaryimage\"},\"thumbnailUrl\":\"https:\\\/\\\/volkswind.com\\\/wp-content\\\/uploads\\\/porte-ouverte-Mont-Laurent-dej-scaled.jpg\",\"articleSection\":[\"Actualit\u00e9s\"],\"inLanguage\":\"fr-FR\"},{\"@type\":\"WebPage\",\"@id\":\"https:\\\/\\\/volkswind.com\\\/fr\\\/journee-portes-ouvertes-au-parc-eolien-de-mont-laurent\\\/\",\"url\":\"https:\\\/\\\/volkswind.com\\\/fr\\\/journee-portes-ouvertes-au-parc-eolien-de-mont-laurent\\\/\",\"name\":\"Journ\u00e9e portes ouvertes au parc \u00e9olien de Mont-Laurent | Volkswind\",\"isPartOf\":{\"@id\":\"https:\\\/\\\/volkswind.com\\\/de\\\/#website\"},\"primaryImageOfPage\":{\"@id\":\"https:\\\/\\\/volkswind.com\\\/fr\\\/journee-portes-ouvertes-au-parc-eolien-de-mont-laurent\\\/#primaryimage\"},\"image\":{\"@id\":\"https:\\\/\\\/volkswind.com\\\/fr\\\/journee-portes-ouvertes-au-parc-eolien-de-mont-laurent\\\/#primaryimage\"},\"thumbnailUrl\":\"https:\\\/\\\/volkswind.com\\\/wp-content\\\/uploads\\\/porte-ouverte-Mont-Laurent-dej-scaled.jpg\",\"datePublished\":\"2025-04-24T18:42:15+00:00\",\"dateModified\":\"2025-05-22T07:16:04+00:00\",\"author\":{\"@id\":\"https:\\\/\\\/volkswind.com\\\/de\\\/#\\\/schema\\\/person\\\/0e8e03d8fc297b84fffd90351c5db913\"},\"breadcrumb\":{\"@id\":\"https:\\\/\\\/volkswind.com\\\/fr\\\/journee-portes-ouvertes-au-parc-eolien-de-mont-laurent\\\/#breadcrumb\"},\"inLanguage\":\"fr-FR\",\"potentialAction\":[{\"@type\":\"ReadAction\",\"target\":[\"https:\\\/\\\/volkswind.com\\\/fr\\\/journee-portes-ouvertes-au-parc-eolien-de-mont-laurent\\\/\"]}]},{\"@type\":\"ImageObject\",\"inLanguage\":\"fr-FR\",\"@id\":\"https:\\\/\\\/volkswind.com\\\/fr\\\/journee-portes-ouvertes-au-parc-eolien-de-mont-laurent\\\/#primaryimage\",\"url\":\"https:\\\/\\\/volkswind.com\\\/wp-content\\\/uploads\\\/porte-ouverte-Mont-Laurent-dej-scaled.jpg\",\"contentUrl\":\"https:\\\/\\\/volkswind.com\\\/wp-content\\\/uploads\\\/porte-ouverte-Mont-Laurent-dej-scaled.jpg\",\"width\":2560,\"height\":2230},{\"@type\":\"BreadcrumbList\",\"@id\":\"https:\\\/\\\/volkswind.com\\\/fr\\\/journee-portes-ouvertes-au-parc-eolien-de-mont-laurent\\\/#breadcrumb\",\"itemListElement\":[{\"@type\":\"ListItem\",\"position\":1,\"name\":\"Accueil\",\"item\":\"https:\\\/\\\/volkswind.com\\\/fr\\\/\"},{\"@type\":\"ListItem\",\"position\":2,\"name\":\"Journ\u00e9e portes ouvertes au parc \u00e9olien de Mont-Laurent\"}]},{\"@type\":\"WebSite\",\"@id\":\"https:\\\/\\\/volkswind.com\\\/de\\\/#website\",\"url\":\"https:\\\/\\\/volkswind.com\\\/de\\\/\",\"name\":\"Volkswind\",\"description\":\"\",\"potentialAction\":[{\"@type\":\"SearchAction\",\"target\":{\"@type\":\"EntryPoint\",\"urlTemplate\":\"https:\\\/\\\/volkswind.com\\\/de\\\/?s={search_term_string}\"},\"query-input\":{\"@type\":\"PropertyValueSpecification\",\"valueRequired\":true,\"valueName\":\"search_term_string\"}}],\"inLanguage\":\"fr-FR\"},{\"@type\":\"Person\",\"@id\":\"https:\\\/\\\/volkswind.com\\\/de\\\/#\\\/schema\\\/person\\\/0e8e03d8fc297b84fffd90351c5db913\",\"name\":\"Val\u00e9rie Bordeaux\"}]}<\/script>\n<!-- \/ Yoast SEO plugin. -->","yoast_head_json":{"title":"Journ\u00e9e portes ouvertes au parc \u00e9olien de Mont-Laurent | Volkswind","robots":{"index":"index","follow":"follow","max-snippet":"max-snippet:-1","max-image-preview":"max-image-preview:large","max-video-preview":"max-video-preview:-1"},"canonical":"https:\/\/volkswind.com\/fr\/journee-portes-ouvertes-au-parc-eolien-de-mont-laurent\/","og_locale":"fr_FR","og_type":"article","og_title":"Journ\u00e9e portes ouvertes au parc \u00e9olien de Mont-Laurent | Volkswind","og_description":"Le jeudi 24 avril 2025, Volkswind France et les \u00e9lus de la commune de Mont-Laurent ont organis\u00e9 une journ\u00e9e portes ouvertes au parc \u00e9olien du Mont-Louis, situ\u00e9 dans les Ardennes. Cet \u00e9v\u00e9nement a permis aux habitants riverains, exploitants, propri\u00e9taires fonciers et acteurs locaux de d\u00e9couvrir les coulisses de ce projet embl\u00e9matique. Un moment de d\u00e9couverte [&hellip;]","og_url":"https:\/\/volkswind.com\/fr\/journee-portes-ouvertes-au-parc-eolien-de-mont-laurent\/","og_site_name":"Volkswind","article_published_time":"2025-04-24T18:42:15+00:00","article_modified_time":"2025-05-22T07:16:04+00:00","og_image":[{"width":2560,"height":2230,"url":"https:\/\/volkswind.com\/wp-content\/uploads\/porte-ouverte-Mont-Laurent-dej-scaled.jpg","type":"image\/jpeg"}],"author":"Val\u00e9rie Bordeaux","twitter_card":"summary_large_image","twitter_misc":{"\u00c9crit par":"Val\u00e9rie Bordeaux","Dur\u00e9e de lecture estim\u00e9e":"3 minutes"},"schema":{"@context":"https:\/\/schema.org","@graph":[{"@type":"Article","@id":"https:\/\/volkswind.com\/fr\/journee-portes-ouvertes-au-parc-eolien-de-mont-laurent\/#article","isPartOf":{"@id":"https:\/\/volkswind.com\/fr\/journee-portes-ouvertes-au-parc-eolien-de-mont-laurent\/"},"author":{"name":"Val\u00e9rie Bordeaux","@id":"https:\/\/volkswind.com\/de\/#\/schema\/person\/0e8e03d8fc297b84fffd90351c5db913"},"headline":"Journ\u00e9e portes ouvertes au parc \u00e9olien de Mont-Laurent","datePublished":"2025-04-24T18:42:15+00:00","dateModified":"2025-05-22T07:16:04+00:00","mainEntityOfPage":{"@id":"https:\/\/volkswind.com\/fr\/journee-portes-ouvertes-au-parc-eolien-de-mont-laurent\/"},"wordCount":439,"image":{"@id":"https:\/\/volkswind.com\/fr\/journee-portes-ouvertes-au-parc-eolien-de-mont-laurent\/#primaryimage"},"thumbnailUrl":"https:\/\/volkswind.com\/wp-content\/uploads\/porte-ouverte-Mont-Laurent-dej-scaled.jpg","articleSection":["Actualit\u00e9s"],"inLanguage":"fr-FR"},{"@type":"WebPage","@id":"https:\/\/volkswind.com\/fr\/journee-portes-ouvertes-au-parc-eolien-de-mont-laurent\/","url":"https:\/\/volkswind.com\/fr\/journee-portes-ouvertes-au-parc-eolien-de-mont-laurent\/","name":"Journ\u00e9e portes ouvertes au parc \u00e9olien de Mont-Laurent | Volkswind","isPartOf":{"@id":"https:\/\/volkswind.com\/de\/#website"},"primaryImageOfPage":{"@id":"https:\/\/volkswind.com\/fr\/journee-portes-ouvertes-au-parc-eolien-de-mont-laurent\/#primaryimage"},"image":{"@id":"https:\/\/volkswind.com\/fr\/journee-portes-ouvertes-au-parc-eolien-de-mont-laurent\/#primaryimage"},"thumbnailUrl":"https:\/\/volkswind.com\/wp-content\/uploads\/porte-ouverte-Mont-Laurent-dej-scaled.jpg","datePublished":"2025-04-24T18:42:15+00:00","dateModified":"2025-05-22T07:16:04+00:00","author":{"@id":"https:\/\/volkswind.com\/de\/#\/schema\/person\/0e8e03d8fc297b84fffd90351c5db913"},"breadcrumb":{"@id":"https:\/\/volkswind.com\/fr\/journee-portes-ouvertes-au-parc-eolien-de-mont-laurent\/#breadcrumb"},"inLanguage":"fr-FR","potentialAction":[{"@type":"ReadAction","target":["https:\/\/volkswind.com\/fr\/journee-portes-ouvertes-au-parc-eolien-de-mont-laurent\/"]}]},{"@type":"ImageObject","inLanguage":"fr-FR","@id":"https:\/\/volkswind.com\/fr\/journee-portes-ouvertes-au-parc-eolien-de-mont-laurent\/#primaryimage","url":"https:\/\/volkswind.com\/wp-content\/uploads\/porte-ouverte-Mont-Laurent-dej-scaled.jpg","contentUrl":"https:\/\/volkswind.com\/wp-content\/uploads\/porte-ouverte-Mont-Laurent-dej-scaled.jpg","width":2560,"height":2230},{"@type":"BreadcrumbList","@id":"https:\/\/volkswind.com\/fr\/journee-portes-ouvertes-au-parc-eolien-de-mont-laurent\/#breadcrumb","itemListElement":[{"@type":"ListItem","position":1,"name":"Accueil","item":"https:\/\/volkswind.com\/fr\/"},{"@type":"ListItem","position":2,"name":"Journ\u00e9e portes ouvertes au parc \u00e9olien de Mont-Laurent"}]},{"@type":"WebSite","@id":"https:\/\/volkswind.com\/de\/#website","url":"https:\/\/volkswind.com\/de\/","name":"Volkswind","description":"","potentialAction":[{"@type":"SearchAction","target":{"@type":"EntryPoint","urlTemplate":"https:\/\/volkswind.com\/de\/?s={search_term_string}"},"query-input":{"@type":"PropertyValueSpecification","valueRequired":true,"valueName":"search_term_string"}}],"inLanguage":"fr-FR"},{"@type":"Person","@id":"https:\/\/volkswind.com\/de\/#\/schema\/person\/0e8e03d8fc297b84fffd90351c5db913","name":"Val\u00e9rie Bordeaux"}]}},"_links":{"self":[{"href":"https:\/\/volkswind.com\/fr\/wp-json\/wp\/v2\/posts\/13696","targetHints":{"allow":["GET"]}}],"collection":[{"href":"https:\/\/volkswind.com\/fr\/wp-json\/wp\/v2\/posts"}],"about":[{"href":"https:\/\/volkswind.com\/fr\/wp-json\/wp\/v2\/types\/post"}],"author":[{"embeddable":true,"href":"https:\/\/volkswind.com\/fr\/wp-json\/wp\/v2\/users\/2"}],"replies":[{"embeddable":true,"href":"https:\/\/volkswind.com\/fr\/wp-json\/wp\/v2\/comments?post=13696"}],"version-history":[{"count":5,"href":"https:\/\/volkswind.com\/fr\/wp-json\/wp\/v2\/posts\/13696\/revisions"}],"predecessor-version":[{"id":13735,"href":"https:\/\/volkswind.com\/fr\/wp-json\/wp\/v2\/posts\/13696\/revisions\/13735"}],"wp:featuredmedia":[{"embeddable":true,"href":"https:\/\/volkswind.com\/fr\/wp-json\/wp\/v2\/media\/13697"}],"wp:attachment":[{"href":"https:\/\/volkswind.com\/fr\/wp-json\/wp\/v2\/media?parent=13696"}],"wp:term":[{"taxonomy":"category","embeddable":true,"href":"https:\/\/volkswind.com\/fr\/wp-json\/wp\/v2\/categories?post=13696"},{"taxonomy":"post_tag","embeddable":true,"href":"https:\/\/volkswind.com\/fr\/wp-json\/wp\/v2\/tags?post=13696"}],"curies":[{"name":"wp","href":"https:\/\/api.w.org\/{rel}","templated":true}]}}