{"id":13637,"date":"2025-05-16T09:32:00","date_gmt":"2025-05-16T09:32:00","guid":{"rendered":"https:\/\/volkswind.com\/?p=13637"},"modified":"2025-05-22T07:17:01","modified_gmt":"2025-05-22T07:17:01","slug":"retour-sur-linauguration-du-parc-eolien-de-sainte-valiere-un-pas-de-plus-vers-la-transition-energetique","status":"publish","type":"post","link":"https:\/\/volkswind.com\/fr\/retour-sur-linauguration-du-parc-eolien-de-sainte-valiere-un-pas-de-plus-vers-la-transition-energetique\/","title":{"rendered":"Retour sur l\u2019inauguration du parc \u00e9olien de Sainte-Vali\u00e8re : un pas de plus vers la transition \u00e9nerg\u00e9tique"},"content":{"rendered":"\n<h3 class=\"wp-block-heading\">Le 15 mai 2025, Volkswind a c\u00e9l\u00e9br\u00e9 l\u2019inauguration officielle des 5 \u00e9oliennes du parc de Sainte-Vali\u00e8re, situ\u00e9 dans l\u2019Aude. Ce projet marque une \u00e9tape importante dans notre engagement pour la transition \u00e9nerg\u00e9tique. Avec une capacit\u00e9 totale install\u00e9e de 11 MW, ce parc produit chaque ann\u00e9e 25 GWh d\u2019\u00e9lectricit\u00e9 verte, soit l\u2019\u00e9quivalent des besoins de plus de 11 000 personnes.<\/h3>\n\n\n\n<h2 class=\"wp-block-heading\">Une journ\u00e9e riche en rencontres et d\u00e9couvertes<\/h2>\n\n\n\n<p id=\"message\">Pour cette inauguration, nous avons souhait\u00e9 cr\u00e9er un \u00e9v\u00e9nement \u00e0 la fois \u00e9ducatif, convivial et accessible \u00e0 tous les acteurs locaux. Voici les moments forts de la journ\u00e9e :<\/p>\n\n\n\n<ul class=\"wp-block-list\">\n<li><strong>Matin\u00e9e :<\/strong> Accueil des \u00e9l\u00e8ves de 3\u00e8me du coll\u00e8ge Louis Cahuzac pour des ateliers p\u00e9dagogiques sur les \u00e9nergies renouvelables, l\u2019\u00e9nergie \u00e9olienne, et les m\u00e9tiers du secteur.<\/li>\n\n\n\n<li><strong>Apr\u00e8s-midi :<\/strong> Visite des \u00e9l\u00e8ves de l\u2019\u00e9cole \u00e9l\u00e9mentaire de Sainte-Vali\u00e8re, leur permettant de d\u00e9couvrir les \u00e9oliennes et leur fonctionnement.<\/li>\n\n\n\n<li><strong>\u00c0 partir de 15h30 :<\/strong> Ouverture aux habitants riverains avec des activit\u00e9s immersives :\n<ul class=\"wp-block-list\">\n<li>Visite virtuelle du parc gr\u00e2ce \u00e0 des casques de r\u00e9alit\u00e9 virtuelle.<\/li>\n\n\n\n<li>Visites guid\u00e9es au pied des \u00e9oliennes pour comprendre leur fonctionnement.<\/li>\n\n\n\n<li>\u00c9changes avec nos \u00e9quipes sur les \u00e9tapes du projet et les enjeux environnementaux.<\/li>\n<\/ul>\n<\/li>\n\n\n\n<li><strong>18h :<\/strong> C\u00e9r\u00e9monie officielle avec le coup\u00e9 de ruban, suivie des discours des \u00e9lus et de nos repr\u00e9sentants. La journ\u00e9e s\u2019est conclue par un cocktail et une animation musicale, dans une ambiance chaleureuse et festive.<\/li>\n<\/ul>\n\n\n\n<figure class=\"wp-block-gallery has-nested-images columns-default is-cropped wp-block-gallery-1 is-layout-flex wp-block-gallery-is-layout-flex\">\n<figure class=\"wp-block-image size-large\"><img fetchpriority=\"high\" decoding=\"async\" width=\"1024\" height=\"681\" data-id=\"13668\" src=\"https:\/\/volkswind.com\/wp-content\/uploads\/Volkswind_Inauguration_Ste_Valiere-295_HD-1024x681.jpg\" alt=\"\" class=\"wp-image-13668\" srcset=\"https:\/\/volkswind.com\/wp-content\/uploads\/Volkswind_Inauguration_Ste_Valiere-295_HD-1024x681.jpg 1024w, https:\/\/volkswind.com\/wp-content\/uploads\/Volkswind_Inauguration_Ste_Valiere-295_HD-300x200.jpg 300w, https:\/\/volkswind.com\/wp-content\/uploads\/Volkswind_Inauguration_Ste_Valiere-295_HD-768x511.jpg 768w, https:\/\/volkswind.com\/wp-content\/uploads\/Volkswind_Inauguration_Ste_Valiere-295_HD-1536x1022.jpg 1536w, https:\/\/volkswind.com\/wp-content\/uploads\/Volkswind_Inauguration_Ste_Valiere-295_HD-2048x1363.jpg 2048w\" sizes=\"(max-width: 1024px) 100vw, 1024px\" \/><figcaption class=\"wp-element-caption\">Inauguration du parc \u00e9olien de Sainte Vali\u00e8re<\/figcaption><\/figure>\n\n\n\n<figure class=\"wp-block-image size-large\"><img decoding=\"async\" width=\"681\" height=\"1024\" data-id=\"13641\" src=\"https:\/\/volkswind.com\/wp-content\/uploads\/Volkswind_Inauguration_Ste_Valiere-392_HD-681x1024.jpg\" alt=\"\" class=\"wp-image-13641\" srcset=\"https:\/\/volkswind.com\/wp-content\/uploads\/Volkswind_Inauguration_Ste_Valiere-392_HD-681x1024.jpg 681w, https:\/\/volkswind.com\/wp-content\/uploads\/Volkswind_Inauguration_Ste_Valiere-392_HD-200x300.jpg 200w, https:\/\/volkswind.com\/wp-content\/uploads\/Volkswind_Inauguration_Ste_Valiere-392_HD-768x1154.jpg 768w, https:\/\/volkswind.com\/wp-content\/uploads\/Volkswind_Inauguration_Ste_Valiere-392_HD-1022x1536.jpg 1022w, https:\/\/volkswind.com\/wp-content\/uploads\/Volkswind_Inauguration_Ste_Valiere-392_HD-1362x2048.jpg 1362w, https:\/\/volkswind.com\/wp-content\/uploads\/Volkswind_Inauguration_Ste_Valiere-392_HD-scaled.jpg 1703w\" sizes=\"(max-width: 681px) 100vw, 681px\" \/><figcaption class=\"wp-element-caption\">Inauguration du parc \u00e9olien de Sainte Vali\u00e8re<\/figcaption><\/figure>\n\n\n\n<figure class=\"wp-block-image size-large\"><img decoding=\"async\" width=\"1024\" height=\"681\" data-id=\"13651\" src=\"https:\/\/volkswind.com\/wp-content\/uploads\/Volkswind_Inauguration_Ste_Valiere-1127_HD-1024x681.jpg\" alt=\"\" class=\"wp-image-13651\" srcset=\"https:\/\/volkswind.com\/wp-content\/uploads\/Volkswind_Inauguration_Ste_Valiere-1127_HD-1024x681.jpg 1024w, https:\/\/volkswind.com\/wp-content\/uploads\/Volkswind_Inauguration_Ste_Valiere-1127_HD-300x200.jpg 300w, https:\/\/volkswind.com\/wp-content\/uploads\/Volkswind_Inauguration_Ste_Valiere-1127_HD-768x511.jpg 768w, https:\/\/volkswind.com\/wp-content\/uploads\/Volkswind_Inauguration_Ste_Valiere-1127_HD-1536x1022.jpg 1536w, https:\/\/volkswind.com\/wp-content\/uploads\/Volkswind_Inauguration_Ste_Valiere-1127_HD-2048x1363.jpg 2048w\" sizes=\"(max-width: 1024px) 100vw, 1024px\" \/><figcaption class=\"wp-element-caption\">Inauguration du parc \u00e9olien de Sainte Vali\u00e8re <\/figcaption><\/figure>\n<\/figure>\n\n\n\n<h3 class=\"wp-block-heading\">Des remerciements sinc\u00e8res<\/h3>\n\n\n\n<p id=\"message\">Nous tenons \u00e0 remercier :<\/p>\n\n\n\n<ul class=\"wp-block-list\">\n<li><strong>Nos coll\u00e8gues de <\/strong>Montpellier, dont le travail acharn\u00e9 et l\u2019engagement ont permis de mener ce projet \u00e0 bien.<\/li>\n\n\n\n<li><strong>Nos partenaires du projet<\/strong>, qui ont contribu\u00e9 \u00e0 chaque \u00e9tape, de la conception \u00e0 la mise en service.<\/li>\n\n\n\n<li><strong>Les \u00e9lus locaux, les riverains et tous les participants<\/strong>, pour leur soutien et leur pr\u00e9sence lors de cette journ\u00e9e.<\/li>\n<\/ul>\n\n\n\n<h3 class=\"wp-block-heading\">Un avenir durable, ensemble<\/h3>\n\n\n\n<p id=\"message\">Chez Volkswind, nous portons une vision commune pour un monde aliment\u00e9 par des \u00e9nergies renouvelables, o\u00f9 innovation et respect de l\u2019environnement se conjuguent. Le parc de Sainte-Vali\u00e8re est un symbole de cette ambition, et nous sommes fiers de contribuer \u00e0 construire un avenir durable.<\/p>\n\n\n\n<p id=\"message\">\ud83c\udf31 <strong>Continuons \u00e0 avancer ensemble vers une transition \u00e9nerg\u00e9tique r\u00e9ussie.<\/strong><\/p>\n\n\n\n<p><\/p>\n","protected":false},"excerpt":{"rendered":"<p>Le 15 mai 2025, Volkswind a c\u00e9l\u00e9br\u00e9 l\u2019inauguration officielle des 5 \u00e9oliennes du parc de Sainte-Vali\u00e8re, situ\u00e9 dans l\u2019Aude. Ce projet marque une \u00e9tape importante dans notre engagement pour la transition \u00e9nerg\u00e9tique. Avec une capacit\u00e9 totale install\u00e9e de 11 MW, ce parc produit chaque ann\u00e9e 25 GWh d\u2019\u00e9lectricit\u00e9 verte, soit l\u2019\u00e9quivalent des besoins de plus [&hellip;]<\/p>\n","protected":false},"author":2,"featured_media":13638,"comment_status":"closed","ping_status":"closed","sticky":false,"template":"","format":"standard","meta":{"footnotes":""},"categories":[85],"tags":[],"class_list":["post-13637","post","type-post","status-publish","format-standard","has-post-thumbnail","hentry","category-actualites"],"yoast_head":"<!-- This site is optimized with the Yoast SEO plugin v27.4 - https:\/\/yoast.com\/product\/yoast-seo-wordpress\/ -->\n<title>Retour sur l\u2019inauguration du parc \u00e9olien de Sainte-Vali\u00e8re : un pas de plus vers la transition \u00e9nerg\u00e9tique | Volkswind<\/title>\n<meta name=\"robots\" content=\"index, follow, max-snippet:-1, max-image-preview:large, max-video-preview:-1\" \/>\n<link rel=\"canonical\" href=\"https:\/\/volkswind.com\/fr\/retour-sur-linauguration-du-parc-eolien-de-sainte-valiere-un-pas-de-plus-vers-la-transition-energetique\/\" \/>\n<meta property=\"og:locale\" content=\"fr_FR\" \/>\n<meta property=\"og:type\" content=\"article\" \/>\n<meta property=\"og:title\" content=\"Retour sur l\u2019inauguration du parc \u00e9olien de Sainte-Vali\u00e8re : un pas de plus vers la transition \u00e9nerg\u00e9tique | Volkswind\" \/>\n<meta property=\"og:description\" content=\"Le 15 mai 2025, Volkswind a c\u00e9l\u00e9br\u00e9 l\u2019inauguration officielle des 5 \u00e9oliennes du parc de Sainte-Vali\u00e8re, situ\u00e9 dans l\u2019Aude. Ce projet marque une \u00e9tape importante dans notre engagement pour la transition \u00e9nerg\u00e9tique. Avec une capacit\u00e9 totale install\u00e9e de 11 MW, ce parc produit chaque ann\u00e9e 25 GWh d\u2019\u00e9lectricit\u00e9 verte, soit l\u2019\u00e9quivalent des besoins de plus [&hellip;]\" \/>\n<meta property=\"og:url\" content=\"https:\/\/volkswind.com\/fr\/retour-sur-linauguration-du-parc-eolien-de-sainte-valiere-un-pas-de-plus-vers-la-transition-energetique\/\" \/>\n<meta property=\"og:site_name\" content=\"Volkswind\" \/>\n<meta property=\"article:published_time\" content=\"2025-05-16T09:32:00+00:00\" \/>\n<meta property=\"article:modified_time\" content=\"2025-05-22T07:17:01+00:00\" \/>\n<meta property=\"og:image\" content=\"https:\/\/volkswind.com\/wp-content\/uploads\/Volkswind_Inauguration_Ste_Valiere-891_HD-scaled.jpg\" \/>\n\t<meta property=\"og:image:width\" content=\"2560\" \/>\n\t<meta property=\"og:image:height\" content=\"1703\" \/>\n\t<meta property=\"og:image:type\" content=\"image\/jpeg\" \/>\n<meta name=\"author\" content=\"Val\u00e9rie Bordeaux\" \/>\n<meta name=\"twitter:card\" content=\"summary_large_image\" \/>\n<meta name=\"twitter:label1\" content=\"\u00c9crit par\" \/>\n\t<meta name=\"twitter:data1\" content=\"Val\u00e9rie Bordeaux\" \/>\n\t<meta name=\"twitter:label2\" content=\"Dur\u00e9e de lecture estim\u00e9e\" \/>\n\t<meta name=\"twitter:data2\" content=\"3 minutes\" \/>\n<script type=\"application\/ld+json\" class=\"yoast-schema-graph\">{\"@context\":\"https:\\\/\\\/schema.org\",\"@graph\":[{\"@type\":\"Article\",\"@id\":\"https:\\\/\\\/volkswind.com\\\/fr\\\/retour-sur-linauguration-du-parc-eolien-de-sainte-valiere-un-pas-de-plus-vers-la-transition-energetique\\\/#article\",\"isPartOf\":{\"@id\":\"https:\\\/\\\/volkswind.com\\\/fr\\\/retour-sur-linauguration-du-parc-eolien-de-sainte-valiere-un-pas-de-plus-vers-la-transition-energetique\\\/\"},\"author\":{\"name\":\"Val\u00e9rie Bordeaux\",\"@id\":\"https:\\\/\\\/volkswind.com\\\/de\\\/#\\\/schema\\\/person\\\/0e8e03d8fc297b84fffd90351c5db913\"},\"headline\":\"Retour sur l\u2019inauguration du parc \u00e9olien de Sainte-Vali\u00e8re : un pas de plus vers la transition \u00e9nerg\u00e9tique\",\"datePublished\":\"2025-05-16T09:32:00+00:00\",\"dateModified\":\"2025-05-22T07:17:01+00:00\",\"mainEntityOfPage\":{\"@id\":\"https:\\\/\\\/volkswind.com\\\/fr\\\/retour-sur-linauguration-du-parc-eolien-de-sainte-valiere-un-pas-de-plus-vers-la-transition-energetique\\\/\"},\"wordCount\":407,\"image\":{\"@id\":\"https:\\\/\\\/volkswind.com\\\/fr\\\/retour-sur-linauguration-du-parc-eolien-de-sainte-valiere-un-pas-de-plus-vers-la-transition-energetique\\\/#primaryimage\"},\"thumbnailUrl\":\"https:\\\/\\\/volkswind.com\\\/wp-content\\\/uploads\\\/Volkswind_Inauguration_Ste_Valiere-891_HD-scaled.jpg\",\"articleSection\":[\"Actualit\u00e9s\"],\"inLanguage\":\"fr-FR\"},{\"@type\":\"WebPage\",\"@id\":\"https:\\\/\\\/volkswind.com\\\/fr\\\/retour-sur-linauguration-du-parc-eolien-de-sainte-valiere-un-pas-de-plus-vers-la-transition-energetique\\\/\",\"url\":\"https:\\\/\\\/volkswind.com\\\/fr\\\/retour-sur-linauguration-du-parc-eolien-de-sainte-valiere-un-pas-de-plus-vers-la-transition-energetique\\\/\",\"name\":\"Retour sur l\u2019inauguration du parc \u00e9olien de Sainte-Vali\u00e8re : un pas de plus vers la transition \u00e9nerg\u00e9tique | Volkswind\",\"isPartOf\":{\"@id\":\"https:\\\/\\\/volkswind.com\\\/de\\\/#website\"},\"primaryImageOfPage\":{\"@id\":\"https:\\\/\\\/volkswind.com\\\/fr\\\/retour-sur-linauguration-du-parc-eolien-de-sainte-valiere-un-pas-de-plus-vers-la-transition-energetique\\\/#primaryimage\"},\"image\":{\"@id\":\"https:\\\/\\\/volkswind.com\\\/fr\\\/retour-sur-linauguration-du-parc-eolien-de-sainte-valiere-un-pas-de-plus-vers-la-transition-energetique\\\/#primaryimage\"},\"thumbnailUrl\":\"https:\\\/\\\/volkswind.com\\\/wp-content\\\/uploads\\\/Volkswind_Inauguration_Ste_Valiere-891_HD-scaled.jpg\",\"datePublished\":\"2025-05-16T09:32:00+00:00\",\"dateModified\":\"2025-05-22T07:17:01+00:00\",\"author\":{\"@id\":\"https:\\\/\\\/volkswind.com\\\/de\\\/#\\\/schema\\\/person\\\/0e8e03d8fc297b84fffd90351c5db913\"},\"breadcrumb\":{\"@id\":\"https:\\\/\\\/volkswind.com\\\/fr\\\/retour-sur-linauguration-du-parc-eolien-de-sainte-valiere-un-pas-de-plus-vers-la-transition-energetique\\\/#breadcrumb\"},\"inLanguage\":\"fr-FR\",\"potentialAction\":[{\"@type\":\"ReadAction\",\"target\":[\"https:\\\/\\\/volkswind.com\\\/fr\\\/retour-sur-linauguration-du-parc-eolien-de-sainte-valiere-un-pas-de-plus-vers-la-transition-energetique\\\/\"]}]},{\"@type\":\"ImageObject\",\"inLanguage\":\"fr-FR\",\"@id\":\"https:\\\/\\\/volkswind.com\\\/fr\\\/retour-sur-linauguration-du-parc-eolien-de-sainte-valiere-un-pas-de-plus-vers-la-transition-energetique\\\/#primaryimage\",\"url\":\"https:\\\/\\\/volkswind.com\\\/wp-content\\\/uploads\\\/Volkswind_Inauguration_Ste_Valiere-891_HD-scaled.jpg\",\"contentUrl\":\"https:\\\/\\\/volkswind.com\\\/wp-content\\\/uploads\\\/Volkswind_Inauguration_Ste_Valiere-891_HD-scaled.jpg\",\"width\":2560,\"height\":1703,\"caption\":\"Inauguration du parc \u00e9olien de Sainte Vali\u00e8re pour la soci\u00e9t\u00e9 Volkswind\"},{\"@type\":\"BreadcrumbList\",\"@id\":\"https:\\\/\\\/volkswind.com\\\/fr\\\/retour-sur-linauguration-du-parc-eolien-de-sainte-valiere-un-pas-de-plus-vers-la-transition-energetique\\\/#breadcrumb\",\"itemListElement\":[{\"@type\":\"ListItem\",\"position\":1,\"name\":\"Accueil\",\"item\":\"https:\\\/\\\/volkswind.com\\\/fr\\\/\"},{\"@type\":\"ListItem\",\"position\":2,\"name\":\"Retour sur l\u2019inauguration du parc \u00e9olien de Sainte-Vali\u00e8re : un pas de plus vers la transition \u00e9nerg\u00e9tique\"}]},{\"@type\":\"WebSite\",\"@id\":\"https:\\\/\\\/volkswind.com\\\/de\\\/#website\",\"url\":\"https:\\\/\\\/volkswind.com\\\/de\\\/\",\"name\":\"Volkswind\",\"description\":\"\",\"potentialAction\":[{\"@type\":\"SearchAction\",\"target\":{\"@type\":\"EntryPoint\",\"urlTemplate\":\"https:\\\/\\\/volkswind.com\\\/de\\\/?s={search_term_string}\"},\"query-input\":{\"@type\":\"PropertyValueSpecification\",\"valueRequired\":true,\"valueName\":\"search_term_string\"}}],\"inLanguage\":\"fr-FR\"},{\"@type\":\"Person\",\"@id\":\"https:\\\/\\\/volkswind.com\\\/de\\\/#\\\/schema\\\/person\\\/0e8e03d8fc297b84fffd90351c5db913\",\"name\":\"Val\u00e9rie Bordeaux\"}]}<\/script>\n<!-- \/ Yoast SEO plugin. -->","yoast_head_json":{"title":"Retour sur l\u2019inauguration du parc \u00e9olien de Sainte-Vali\u00e8re : un pas de plus vers la transition \u00e9nerg\u00e9tique | Volkswind","robots":{"index":"index","follow":"follow","max-snippet":"max-snippet:-1","max-image-preview":"max-image-preview:large","max-video-preview":"max-video-preview:-1"},"canonical":"https:\/\/volkswind.com\/fr\/retour-sur-linauguration-du-parc-eolien-de-sainte-valiere-un-pas-de-plus-vers-la-transition-energetique\/","og_locale":"fr_FR","og_type":"article","og_title":"Retour sur l\u2019inauguration du parc \u00e9olien de Sainte-Vali\u00e8re : un pas de plus vers la transition \u00e9nerg\u00e9tique | Volkswind","og_description":"Le 15 mai 2025, Volkswind a c\u00e9l\u00e9br\u00e9 l\u2019inauguration officielle des 5 \u00e9oliennes du parc de Sainte-Vali\u00e8re, situ\u00e9 dans l\u2019Aude. Ce projet marque une \u00e9tape importante dans notre engagement pour la transition \u00e9nerg\u00e9tique. Avec une capacit\u00e9 totale install\u00e9e de 11 MW, ce parc produit chaque ann\u00e9e 25 GWh d\u2019\u00e9lectricit\u00e9 verte, soit l\u2019\u00e9quivalent des besoins de plus [&hellip;]","og_url":"https:\/\/volkswind.com\/fr\/retour-sur-linauguration-du-parc-eolien-de-sainte-valiere-un-pas-de-plus-vers-la-transition-energetique\/","og_site_name":"Volkswind","article_published_time":"2025-05-16T09:32:00+00:00","article_modified_time":"2025-05-22T07:17:01+00:00","og_image":[{"width":2560,"height":1703,"url":"https:\/\/volkswind.com\/wp-content\/uploads\/Volkswind_Inauguration_Ste_Valiere-891_HD-scaled.jpg","type":"image\/jpeg"}],"author":"Val\u00e9rie Bordeaux","twitter_card":"summary_large_image","twitter_misc":{"\u00c9crit par":"Val\u00e9rie Bordeaux","Dur\u00e9e de lecture estim\u00e9e":"3 minutes"},"schema":{"@context":"https:\/\/schema.org","@graph":[{"@type":"Article","@id":"https:\/\/volkswind.com\/fr\/retour-sur-linauguration-du-parc-eolien-de-sainte-valiere-un-pas-de-plus-vers-la-transition-energetique\/#article","isPartOf":{"@id":"https:\/\/volkswind.com\/fr\/retour-sur-linauguration-du-parc-eolien-de-sainte-valiere-un-pas-de-plus-vers-la-transition-energetique\/"},"author":{"name":"Val\u00e9rie Bordeaux","@id":"https:\/\/volkswind.com\/de\/#\/schema\/person\/0e8e03d8fc297b84fffd90351c5db913"},"headline":"Retour sur l\u2019inauguration du parc \u00e9olien de Sainte-Vali\u00e8re : un pas de plus vers la transition \u00e9nerg\u00e9tique","datePublished":"2025-05-16T09:32:00+00:00","dateModified":"2025-05-22T07:17:01+00:00","mainEntityOfPage":{"@id":"https:\/\/volkswind.com\/fr\/retour-sur-linauguration-du-parc-eolien-de-sainte-valiere-un-pas-de-plus-vers-la-transition-energetique\/"},"wordCount":407,"image":{"@id":"https:\/\/volkswind.com\/fr\/retour-sur-linauguration-du-parc-eolien-de-sainte-valiere-un-pas-de-plus-vers-la-transition-energetique\/#primaryimage"},"thumbnailUrl":"https:\/\/volkswind.com\/wp-content\/uploads\/Volkswind_Inauguration_Ste_Valiere-891_HD-scaled.jpg","articleSection":["Actualit\u00e9s"],"inLanguage":"fr-FR"},{"@type":"WebPage","@id":"https:\/\/volkswind.com\/fr\/retour-sur-linauguration-du-parc-eolien-de-sainte-valiere-un-pas-de-plus-vers-la-transition-energetique\/","url":"https:\/\/volkswind.com\/fr\/retour-sur-linauguration-du-parc-eolien-de-sainte-valiere-un-pas-de-plus-vers-la-transition-energetique\/","name":"Retour sur l\u2019inauguration du parc \u00e9olien de Sainte-Vali\u00e8re : un pas de plus vers la transition \u00e9nerg\u00e9tique | Volkswind","isPartOf":{"@id":"https:\/\/volkswind.com\/de\/#website"},"primaryImageOfPage":{"@id":"https:\/\/volkswind.com\/fr\/retour-sur-linauguration-du-parc-eolien-de-sainte-valiere-un-pas-de-plus-vers-la-transition-energetique\/#primaryimage"},"image":{"@id":"https:\/\/volkswind.com\/fr\/retour-sur-linauguration-du-parc-eolien-de-sainte-valiere-un-pas-de-plus-vers-la-transition-energetique\/#primaryimage"},"thumbnailUrl":"https:\/\/volkswind.com\/wp-content\/uploads\/Volkswind_Inauguration_Ste_Valiere-891_HD-scaled.jpg","datePublished":"2025-05-16T09:32:00+00:00","dateModified":"2025-05-22T07:17:01+00:00","author":{"@id":"https:\/\/volkswind.com\/de\/#\/schema\/person\/0e8e03d8fc297b84fffd90351c5db913"},"breadcrumb":{"@id":"https:\/\/volkswind.com\/fr\/retour-sur-linauguration-du-parc-eolien-de-sainte-valiere-un-pas-de-plus-vers-la-transition-energetique\/#breadcrumb"},"inLanguage":"fr-FR","potentialAction":[{"@type":"ReadAction","target":["https:\/\/volkswind.com\/fr\/retour-sur-linauguration-du-parc-eolien-de-sainte-valiere-un-pas-de-plus-vers-la-transition-energetique\/"]}]},{"@type":"ImageObject","inLanguage":"fr-FR","@id":"https:\/\/volkswind.com\/fr\/retour-sur-linauguration-du-parc-eolien-de-sainte-valiere-un-pas-de-plus-vers-la-transition-energetique\/#primaryimage","url":"https:\/\/volkswind.com\/wp-content\/uploads\/Volkswind_Inauguration_Ste_Valiere-891_HD-scaled.jpg","contentUrl":"https:\/\/volkswind.com\/wp-content\/uploads\/Volkswind_Inauguration_Ste_Valiere-891_HD-scaled.jpg","width":2560,"height":1703,"caption":"Inauguration du parc \u00e9olien de Sainte Vali\u00e8re pour la soci\u00e9t\u00e9 Volkswind"},{"@type":"BreadcrumbList","@id":"https:\/\/volkswind.com\/fr\/retour-sur-linauguration-du-parc-eolien-de-sainte-valiere-un-pas-de-plus-vers-la-transition-energetique\/#breadcrumb","itemListElement":[{"@type":"ListItem","position":1,"name":"Accueil","item":"https:\/\/volkswind.com\/fr\/"},{"@type":"ListItem","position":2,"name":"Retour sur l\u2019inauguration du parc \u00e9olien de Sainte-Vali\u00e8re : un pas de plus vers la transition \u00e9nerg\u00e9tique"}]},{"@type":"WebSite","@id":"https:\/\/volkswind.com\/de\/#website","url":"https:\/\/volkswind.com\/de\/","name":"Volkswind","description":"","potentialAction":[{"@type":"SearchAction","target":{"@type":"EntryPoint","urlTemplate":"https:\/\/volkswind.com\/de\/?s={search_term_string}"},"query-input":{"@type":"PropertyValueSpecification","valueRequired":true,"valueName":"search_term_string"}}],"inLanguage":"fr-FR"},{"@type":"Person","@id":"https:\/\/volkswind.com\/de\/#\/schema\/person\/0e8e03d8fc297b84fffd90351c5db913","name":"Val\u00e9rie Bordeaux"}]}},"_links":{"self":[{"href":"https:\/\/volkswind.com\/fr\/wp-json\/wp\/v2\/posts\/13637","targetHints":{"allow":["GET"]}}],"collection":[{"href":"https:\/\/volkswind.com\/fr\/wp-json\/wp\/v2\/posts"}],"about":[{"href":"https:\/\/volkswind.com\/fr\/wp-json\/wp\/v2\/types\/post"}],"author":[{"embeddable":true,"href":"https:\/\/volkswind.com\/fr\/wp-json\/wp\/v2\/users\/2"}],"replies":[{"embeddable":true,"href":"https:\/\/volkswind.com\/fr\/wp-json\/wp\/v2\/comments?post=13637"}],"version-history":[{"count":4,"href":"https:\/\/volkswind.com\/fr\/wp-json\/wp\/v2\/posts\/13637\/revisions"}],"predecessor-version":[{"id":13737,"href":"https:\/\/volkswind.com\/fr\/wp-json\/wp\/v2\/posts\/13637\/revisions\/13737"}],"wp:featuredmedia":[{"embeddable":true,"href":"https:\/\/volkswind.com\/fr\/wp-json\/wp\/v2\/media\/13638"}],"wp:attachment":[{"href":"https:\/\/volkswind.com\/fr\/wp-json\/wp\/v2\/media?parent=13637"}],"wp:term":[{"taxonomy":"category","embeddable":true,"href":"https:\/\/volkswind.com\/fr\/wp-json\/wp\/v2\/categories?post=13637"},{"taxonomy":"post_tag","embeddable":true,"href":"https:\/\/volkswind.com\/fr\/wp-json\/wp\/v2\/tags?post=13637"}],"curies":[{"name":"wp","href":"https:\/\/api.w.org\/{rel}","templated":true}]}}