{"id":10514,"date":"2024-06-18T12:59:11","date_gmt":"2024-06-18T12:59:11","guid":{"rendered":"https:\/\/staging-group.volkswind.fr\/?p=10514"},"modified":"2024-09-13T12:50:12","modified_gmt":"2024-09-13T12:50:12","slug":"international-welcome-days","status":"publish","type":"post","link":"https:\/\/volkswind.com\/fr\/international-welcome-days\/","title":{"rendered":"International Welcome days"},"content":{"rendered":"\n<p>Cette semaine les nouveaux collaborateurs du groupe Axpo \u00e9taient invit\u00e9s \u00e0 participer \u00e0 la premi\u00e8re \u00e9dition des International Welcome Days.<\/p>\n\n\n\n<p>Deux journ\u00e9es passionnantes d\u00e9di\u00e9es aux nouveaux collaborateurs durant lesquelles, il ont pu :<br>&#8211; d\u00e9couvrir le groupe Axpo, son organisation, ses m\u00e9tiers, ses valeurs et sa vision,<br>&#8211; \u00e9changer avec le conseil d&rsquo;administration,<br>&#8211; rencontrer les coll\u00e8gues des autres filiales et r\u00e9seauter \u00e0 l&rsquo;international,<br>&#8211; visiter les installations locales.<\/p>\n\n\n\n<figure class=\"wp-block-image size-full\"><img fetchpriority=\"high\" decoding=\"async\" width=\"900\" height=\"600\" src=\"https:\/\/staging-group.volkswind.fr\/wp-content\/uploads\/welcom-days.jpg\" alt=\"\" class=\"wp-image-10518\" srcset=\"https:\/\/volkswind.com\/wp-content\/uploads\/welcom-days.jpg 900w, https:\/\/volkswind.com\/wp-content\/uploads\/welcom-days-300x200.jpg 300w, https:\/\/volkswind.com\/wp-content\/uploads\/welcom-days-768x512.jpg 768w\" sizes=\"(max-width: 900px) 100vw, 900px\" \/><\/figure>\n\n\n\n<p>\u00ab\u00a0Mille mercis \u00e0 <a href=\"https:\/\/www.linkedin.com\/company\/axpo-group\/\">Axpo Group<\/a> pour ce s\u00e9minaire d&rsquo;accueil \ud83d\ude4f nous sommes vraiment reconnaissants d&rsquo;avoir \u00e9t\u00e9 convi\u00e9s \u00e0 cet \u00e9v\u00e9nement, nous conserverons un excellent souvenir de cette exp\u00e9rience !\u00a0\u00bb ont d\u00e9clar\u00e9 les participants. <\/p>\n","protected":false},"excerpt":{"rendered":"<p>Cette semaine les nouveaux collaborateurs du groupe Axpo \u00e9taient invit\u00e9s \u00e0 participer \u00e0 la premi\u00e8re \u00e9dition des International Welcome Days. Deux journ\u00e9es passionnantes d\u00e9di\u00e9es aux nouveaux collaborateurs durant lesquelles, il ont pu :&#8211; d\u00e9couvrir le groupe Axpo, son organisation, ses m\u00e9tiers, ses valeurs et sa vision,&#8211; \u00e9changer avec le conseil d&rsquo;administration,&#8211; rencontrer les coll\u00e8gues des [&hellip;]<\/p>\n","protected":false},"author":2,"featured_media":10515,"comment_status":"closed","ping_status":"closed","sticky":false,"template":"","format":"standard","meta":{"footnotes":""},"categories":[85],"tags":[],"class_list":["post-10514","post","type-post","status-publish","format-standard","has-post-thumbnail","hentry","category-actualites"],"yoast_head":"<!-- This site is optimized with the Yoast SEO plugin v27.4 - https:\/\/yoast.com\/product\/yoast-seo-wordpress\/ -->\n<title>International Welcome days | Volkswind<\/title>\n<meta name=\"robots\" content=\"index, follow, max-snippet:-1, max-image-preview:large, max-video-preview:-1\" \/>\n<link rel=\"canonical\" href=\"https:\/\/volkswind.com\/fr\/international-welcome-days\/\" \/>\n<meta property=\"og:locale\" content=\"fr_FR\" \/>\n<meta property=\"og:type\" content=\"article\" \/>\n<meta property=\"og:title\" content=\"International Welcome days | Volkswind\" \/>\n<meta property=\"og:description\" content=\"Cette semaine les nouveaux collaborateurs du groupe Axpo \u00e9taient invit\u00e9s \u00e0 participer \u00e0 la premi\u00e8re \u00e9dition des International Welcome Days. Deux journ\u00e9es passionnantes d\u00e9di\u00e9es aux nouveaux collaborateurs durant lesquelles, il ont pu :&#8211; d\u00e9couvrir le groupe Axpo, son organisation, ses m\u00e9tiers, ses valeurs et sa vision,&#8211; \u00e9changer avec le conseil d&rsquo;administration,&#8211; rencontrer les coll\u00e8gues des [&hellip;]\" \/>\n<meta property=\"og:url\" content=\"https:\/\/volkswind.com\/fr\/international-welcome-days\/\" \/>\n<meta property=\"og:site_name\" content=\"Volkswind\" \/>\n<meta property=\"article:published_time\" content=\"2024-06-18T12:59:11+00:00\" \/>\n<meta property=\"article:modified_time\" content=\"2024-09-13T12:50:12+00:00\" \/>\n<meta property=\"og:image\" content=\"https:\/\/volkswind.com\/wp-content\/uploads\/welcom-days-1.jpg\" \/>\n\t<meta property=\"og:image:width\" content=\"756\" \/>\n\t<meta property=\"og:image:height\" content=\"603\" \/>\n\t<meta property=\"og:image:type\" content=\"image\/jpeg\" \/>\n<meta name=\"author\" content=\"Val\u00e9rie Bordeaux\" \/>\n<meta name=\"twitter:card\" content=\"summary_large_image\" \/>\n<meta name=\"twitter:label1\" content=\"\u00c9crit par\" \/>\n\t<meta name=\"twitter:data1\" content=\"Val\u00e9rie Bordeaux\" \/>\n\t<meta name=\"twitter:label2\" content=\"Dur\u00e9e de lecture estim\u00e9e\" \/>\n\t<meta name=\"twitter:data2\" content=\"1 minute\" \/>\n<script type=\"application\/ld+json\" class=\"yoast-schema-graph\">{\"@context\":\"https:\\\/\\\/schema.org\",\"@graph\":[{\"@type\":\"Article\",\"@id\":\"https:\\\/\\\/volkswind.com\\\/fr\\\/international-welcome-days\\\/#article\",\"isPartOf\":{\"@id\":\"https:\\\/\\\/volkswind.com\\\/fr\\\/international-welcome-days\\\/\"},\"author\":{\"name\":\"Val\u00e9rie Bordeaux\",\"@id\":\"https:\\\/\\\/volkswind.com\\\/de\\\/#\\\/schema\\\/person\\\/0e8e03d8fc297b84fffd90351c5db913\"},\"headline\":\"International Welcome days\",\"datePublished\":\"2024-06-18T12:59:11+00:00\",\"dateModified\":\"2024-09-13T12:50:12+00:00\",\"mainEntityOfPage\":{\"@id\":\"https:\\\/\\\/volkswind.com\\\/fr\\\/international-welcome-days\\\/\"},\"wordCount\":115,\"image\":{\"@id\":\"https:\\\/\\\/volkswind.com\\\/fr\\\/international-welcome-days\\\/#primaryimage\"},\"thumbnailUrl\":\"https:\\\/\\\/volkswind.com\\\/wp-content\\\/uploads\\\/welcom-days-1.jpg\",\"articleSection\":[\"Actualit\u00e9s\"],\"inLanguage\":\"fr-FR\"},{\"@type\":\"WebPage\",\"@id\":\"https:\\\/\\\/volkswind.com\\\/fr\\\/international-welcome-days\\\/\",\"url\":\"https:\\\/\\\/volkswind.com\\\/fr\\\/international-welcome-days\\\/\",\"name\":\"International Welcome days | Volkswind\",\"isPartOf\":{\"@id\":\"https:\\\/\\\/volkswind.com\\\/de\\\/#website\"},\"primaryImageOfPage\":{\"@id\":\"https:\\\/\\\/volkswind.com\\\/fr\\\/international-welcome-days\\\/#primaryimage\"},\"image\":{\"@id\":\"https:\\\/\\\/volkswind.com\\\/fr\\\/international-welcome-days\\\/#primaryimage\"},\"thumbnailUrl\":\"https:\\\/\\\/volkswind.com\\\/wp-content\\\/uploads\\\/welcom-days-1.jpg\",\"datePublished\":\"2024-06-18T12:59:11+00:00\",\"dateModified\":\"2024-09-13T12:50:12+00:00\",\"author\":{\"@id\":\"https:\\\/\\\/volkswind.com\\\/de\\\/#\\\/schema\\\/person\\\/0e8e03d8fc297b84fffd90351c5db913\"},\"breadcrumb\":{\"@id\":\"https:\\\/\\\/volkswind.com\\\/fr\\\/international-welcome-days\\\/#breadcrumb\"},\"inLanguage\":\"fr-FR\",\"potentialAction\":[{\"@type\":\"ReadAction\",\"target\":[\"https:\\\/\\\/volkswind.com\\\/fr\\\/international-welcome-days\\\/\"]}]},{\"@type\":\"ImageObject\",\"inLanguage\":\"fr-FR\",\"@id\":\"https:\\\/\\\/volkswind.com\\\/fr\\\/international-welcome-days\\\/#primaryimage\",\"url\":\"https:\\\/\\\/volkswind.com\\\/wp-content\\\/uploads\\\/welcom-days-1.jpg\",\"contentUrl\":\"https:\\\/\\\/volkswind.com\\\/wp-content\\\/uploads\\\/welcom-days-1.jpg\",\"width\":756,\"height\":603},{\"@type\":\"BreadcrumbList\",\"@id\":\"https:\\\/\\\/volkswind.com\\\/fr\\\/international-welcome-days\\\/#breadcrumb\",\"itemListElement\":[{\"@type\":\"ListItem\",\"position\":1,\"name\":\"Accueil\",\"item\":\"https:\\\/\\\/volkswind.com\\\/fr\\\/\"},{\"@type\":\"ListItem\",\"position\":2,\"name\":\"International Welcome days\"}]},{\"@type\":\"WebSite\",\"@id\":\"https:\\\/\\\/volkswind.com\\\/de\\\/#website\",\"url\":\"https:\\\/\\\/volkswind.com\\\/de\\\/\",\"name\":\"Volkswind\",\"description\":\"\",\"potentialAction\":[{\"@type\":\"SearchAction\",\"target\":{\"@type\":\"EntryPoint\",\"urlTemplate\":\"https:\\\/\\\/volkswind.com\\\/de\\\/?s={search_term_string}\"},\"query-input\":{\"@type\":\"PropertyValueSpecification\",\"valueRequired\":true,\"valueName\":\"search_term_string\"}}],\"inLanguage\":\"fr-FR\"},{\"@type\":\"Person\",\"@id\":\"https:\\\/\\\/volkswind.com\\\/de\\\/#\\\/schema\\\/person\\\/0e8e03d8fc297b84fffd90351c5db913\",\"name\":\"Val\u00e9rie Bordeaux\"}]}<\/script>\n<!-- \/ Yoast SEO plugin. -->","yoast_head_json":{"title":"International Welcome days | Volkswind","robots":{"index":"index","follow":"follow","max-snippet":"max-snippet:-1","max-image-preview":"max-image-preview:large","max-video-preview":"max-video-preview:-1"},"canonical":"https:\/\/volkswind.com\/fr\/international-welcome-days\/","og_locale":"fr_FR","og_type":"article","og_title":"International Welcome days | Volkswind","og_description":"Cette semaine les nouveaux collaborateurs du groupe Axpo \u00e9taient invit\u00e9s \u00e0 participer \u00e0 la premi\u00e8re \u00e9dition des International Welcome Days. Deux journ\u00e9es passionnantes d\u00e9di\u00e9es aux nouveaux collaborateurs durant lesquelles, il ont pu :&#8211; d\u00e9couvrir le groupe Axpo, son organisation, ses m\u00e9tiers, ses valeurs et sa vision,&#8211; \u00e9changer avec le conseil d&rsquo;administration,&#8211; rencontrer les coll\u00e8gues des [&hellip;]","og_url":"https:\/\/volkswind.com\/fr\/international-welcome-days\/","og_site_name":"Volkswind","article_published_time":"2024-06-18T12:59:11+00:00","article_modified_time":"2024-09-13T12:50:12+00:00","og_image":[{"width":756,"height":603,"url":"https:\/\/volkswind.com\/wp-content\/uploads\/welcom-days-1.jpg","type":"image\/jpeg"}],"author":"Val\u00e9rie Bordeaux","twitter_card":"summary_large_image","twitter_misc":{"\u00c9crit par":"Val\u00e9rie Bordeaux","Dur\u00e9e de lecture estim\u00e9e":"1 minute"},"schema":{"@context":"https:\/\/schema.org","@graph":[{"@type":"Article","@id":"https:\/\/volkswind.com\/fr\/international-welcome-days\/#article","isPartOf":{"@id":"https:\/\/volkswind.com\/fr\/international-welcome-days\/"},"author":{"name":"Val\u00e9rie Bordeaux","@id":"https:\/\/volkswind.com\/de\/#\/schema\/person\/0e8e03d8fc297b84fffd90351c5db913"},"headline":"International Welcome days","datePublished":"2024-06-18T12:59:11+00:00","dateModified":"2024-09-13T12:50:12+00:00","mainEntityOfPage":{"@id":"https:\/\/volkswind.com\/fr\/international-welcome-days\/"},"wordCount":115,"image":{"@id":"https:\/\/volkswind.com\/fr\/international-welcome-days\/#primaryimage"},"thumbnailUrl":"https:\/\/volkswind.com\/wp-content\/uploads\/welcom-days-1.jpg","articleSection":["Actualit\u00e9s"],"inLanguage":"fr-FR"},{"@type":"WebPage","@id":"https:\/\/volkswind.com\/fr\/international-welcome-days\/","url":"https:\/\/volkswind.com\/fr\/international-welcome-days\/","name":"International Welcome days | Volkswind","isPartOf":{"@id":"https:\/\/volkswind.com\/de\/#website"},"primaryImageOfPage":{"@id":"https:\/\/volkswind.com\/fr\/international-welcome-days\/#primaryimage"},"image":{"@id":"https:\/\/volkswind.com\/fr\/international-welcome-days\/#primaryimage"},"thumbnailUrl":"https:\/\/volkswind.com\/wp-content\/uploads\/welcom-days-1.jpg","datePublished":"2024-06-18T12:59:11+00:00","dateModified":"2024-09-13T12:50:12+00:00","author":{"@id":"https:\/\/volkswind.com\/de\/#\/schema\/person\/0e8e03d8fc297b84fffd90351c5db913"},"breadcrumb":{"@id":"https:\/\/volkswind.com\/fr\/international-welcome-days\/#breadcrumb"},"inLanguage":"fr-FR","potentialAction":[{"@type":"ReadAction","target":["https:\/\/volkswind.com\/fr\/international-welcome-days\/"]}]},{"@type":"ImageObject","inLanguage":"fr-FR","@id":"https:\/\/volkswind.com\/fr\/international-welcome-days\/#primaryimage","url":"https:\/\/volkswind.com\/wp-content\/uploads\/welcom-days-1.jpg","contentUrl":"https:\/\/volkswind.com\/wp-content\/uploads\/welcom-days-1.jpg","width":756,"height":603},{"@type":"BreadcrumbList","@id":"https:\/\/volkswind.com\/fr\/international-welcome-days\/#breadcrumb","itemListElement":[{"@type":"ListItem","position":1,"name":"Accueil","item":"https:\/\/volkswind.com\/fr\/"},{"@type":"ListItem","position":2,"name":"International Welcome days"}]},{"@type":"WebSite","@id":"https:\/\/volkswind.com\/de\/#website","url":"https:\/\/volkswind.com\/de\/","name":"Volkswind","description":"","potentialAction":[{"@type":"SearchAction","target":{"@type":"EntryPoint","urlTemplate":"https:\/\/volkswind.com\/de\/?s={search_term_string}"},"query-input":{"@type":"PropertyValueSpecification","valueRequired":true,"valueName":"search_term_string"}}],"inLanguage":"fr-FR"},{"@type":"Person","@id":"https:\/\/volkswind.com\/de\/#\/schema\/person\/0e8e03d8fc297b84fffd90351c5db913","name":"Val\u00e9rie Bordeaux"}]}},"_links":{"self":[{"href":"https:\/\/volkswind.com\/fr\/wp-json\/wp\/v2\/posts\/10514","targetHints":{"allow":["GET"]}}],"collection":[{"href":"https:\/\/volkswind.com\/fr\/wp-json\/wp\/v2\/posts"}],"about":[{"href":"https:\/\/volkswind.com\/fr\/wp-json\/wp\/v2\/types\/post"}],"author":[{"embeddable":true,"href":"https:\/\/volkswind.com\/fr\/wp-json\/wp\/v2\/users\/2"}],"replies":[{"embeddable":true,"href":"https:\/\/volkswind.com\/fr\/wp-json\/wp\/v2\/comments?post=10514"}],"version-history":[{"count":1,"href":"https:\/\/volkswind.com\/fr\/wp-json\/wp\/v2\/posts\/10514\/revisions"}],"predecessor-version":[{"id":10521,"href":"https:\/\/volkswind.com\/fr\/wp-json\/wp\/v2\/posts\/10514\/revisions\/10521"}],"wp:featuredmedia":[{"embeddable":true,"href":"https:\/\/volkswind.com\/fr\/wp-json\/wp\/v2\/media\/10515"}],"wp:attachment":[{"href":"https:\/\/volkswind.com\/fr\/wp-json\/wp\/v2\/media?parent=10514"}],"wp:term":[{"taxonomy":"category","embeddable":true,"href":"https:\/\/volkswind.com\/fr\/wp-json\/wp\/v2\/categories?post=10514"},{"taxonomy":"post_tag","embeddable":true,"href":"https:\/\/volkswind.com\/fr\/wp-json\/wp\/v2\/tags?post=10514"}],"curies":[{"name":"wp","href":"https:\/\/api.w.org\/{rel}","templated":true}]}}