{"id":15281,"date":"2025-09-04T09:45:07","date_gmt":"2025-09-04T09:45:07","guid":{"rendered":"https:\/\/volkswind.com\/?p=15281"},"modified":"2025-09-04T09:45:09","modified_gmt":"2025-09-04T09:45:09","slug":"premiere-in-finnland-erster-windpark-in-betrieb","status":"publish","type":"post","link":"https:\/\/volkswind.com\/de\/premiere-in-finnland-erster-windpark-in-betrieb\/","title":{"rendered":"Premiere in Finnland: Erster Windpark in Betrieb"},"content":{"rendered":"\n<p><strong>Axpo hat nach nur 11 Monaten Bauzeit ihren ersten Onshore-Windpark in Finnland erfolgreich in Betrieb genommen. Der Windpark L\u00e5lax in der Gemeinde V\u00f6r\u00e5, Region \u00d6sterbotten, markiert einen bedeutenden Meilenstein f\u00fcr Axpo und unterstreicht die Wachstumsambitionen des Unternehmens im Bereich der erneuerbaren Energien.<\/strong><\/p>\n\n\n\n<p>Der Windpark besteht aus vier hochmodernen Windkraftanlagen des Typs Vestas mit einer Nennleistung von jeweils 6,2 MW und einer Nabenh\u00f6he von 134 Metern. Die Gesamtleistung betr\u00e4gt 24,8 MW. Mit einer prognostizierten Jahresproduktion von rund 70 Millionen Kilowattstunden (70 GWh) liefert der Windpark theoretisch gen\u00fcgend elektrische Energie, um den Bedarf von etwa 9.300 finnischen Vier-Personen-Haushalten zu decken. Der Strom wird \u00fcber ein eigenes Umspannwerk, das Axpo f\u00fcr den neuen Windpark zeitgleich errichtet hat, in das \u00dcbertragungsnetz eingespeist.<\/p>\n\n\n\n<p>Die Projektentwicklung und der Bau wurden vom Axpo Windteam in Vaasa, nur 25 Kilometer vom Standort entfernt, gesteuert \u2013 ein erster gro\u00dfer Erfolg des 2022 gegr\u00fcndeten finnischen Projektteams. &#8222;Wir sind stolz, unseren ersten Windpark in Finnland planm\u00e4\u00dfig ans Netz zu bringen. Das ist ein bedeutender Meilenstein f\u00fcr unser Team in Vaasa&#8220;, betont Joakim Ingves, Head of Wind Activities bei Axpo. &#8222;Mit diesem Projekt leisten wir einen konkreten Beitrag zur Erreichung der finnischen Klimaziele.&#8220; Finnland hat sich gesetzlich verpflichtet, bis 2035 klimaneutral zu werden und setzt dabei auf den massiven Ausbau von erneuerbaren Energien und ambitionierten Emissionsreduktionen in allen Sektoren. &#8222;Um die Klimaneutralit\u00e4t in den n\u00e4chsten Jahren zu erreichen, muss der Ausbau der Onshore-Windenergie in Finnland weiter beschleunigt werden. Axpo wird mit weiteren Projekten ihren Beitrag dazu leisten&#8220;, so Katja Stommel, Leiterin von Volkswind und Axpos Wind Division.<\/p>\n\n\n\n<p><strong>Zukunftsausblick: Ausbau der Windenergie in Finnland<\/strong><\/p>\n\n\n\n<p>Mit der Inbetriebnahme des L\u00e5lax-Windparks legt Axpo den Grundstein f\u00fcr weitere Projekte in Finnland. Axpo will ihre Aktivit\u00e4ten in Finnland durch den Erwerb bestehenden sowie der Entwicklung eigener Projekte vorantreiben. Das Unternehmen verf\u00fcgt \u00fcber eine umfangreiche Projektpipeline, von denen mehrere Vorhaben bereits im Entwicklungsstatus sind.<\/p>\n\n\n\n<p><strong>Windexpertise von Axpo<\/strong><\/p>\n\n\n\n<p>Axpo entwickelt, baut und betreibt Onshore-Windparks in ganz Europa und ist entlang der gesamten Wertsch\u00f6pfungskette der Windenergie aktiv \u2013 von der Projektentwicklung \u00fcber den Bau und Betrieb der Anlagen bis hin zur Vermarktung des erzeugten Stroms.<\/p>\n\n\n\n<p>Das Unternehmen profitiert von der umfangreichen Erfahrung der Tochtergesellschaft Volkswind, die seit 2015 Teil der Axpo Gruppe ist. Das erfahrene Team von Axpo und Volkswind hat bereits mehr als 90 Windparks in Deutschland und Frankreich realisiert und damit insgesamt \u00fcber 1.600 MW an installierter Leistung entwickelt.<\/p>\n\n\n\n<p><strong>Vertrieb \u00fcber Axpo Nordic<\/strong><\/p>\n\n\n\n<p>Der im neuen Windpark erzeugte Strom wird von Axpo Nordic, der auf die nordischen und baltischen M\u00e4rkte spezialisierten Tochtergesellschaft der Axpo Gruppe, an der Stromb\u00f6rse gehandelt und vermarktet. Axpo Nordic gilt als Pionier im Bereich Stromabnahmevertr\u00e4ge (PPA) in der Region und verwaltet aktuell rund 24 TWh erneuerbare Energie pro Jahr. Die enge Zusammenarbeit der Konzernt\u00f6chter unterstreicht die St\u00e4rke der Axpo Gruppe, erneuerbare Energien effizient zu entwickeln, zu betreiben und erfolgreich am Markt zu platzieren.<\/p>\n\n\n\n<p><strong>\u00dcber Axpo<\/strong><strong><\/strong><\/p>\n\n\n\n<p>Axpo hat die Ambition, mit innovativen Energiel\u00f6sungen eine nachhaltige Zukunft zu erm\u00f6glichen. Axpo ist die gr\u00f6\u00dfte Schweizer Stromproduzentin und internationale Vorreiterin im Energiehandel und in der Vermarktung von Solar- und Windkraft. Mehr als 7000 Mitarbeitende verbinden Erfahrung und Know-how mit der Leidenschaft f\u00fcr Innovation und der gemeinsamen Suche nach immer besseren L\u00f6sungen. Axpo setzt auf innovative Technologien, um die sich stets wandelnden Bed\u00fcrfnisse ihrer Kunden in \u00fcber 30\u00a0L\u00e4ndern in Europa, Nordamerika und Asien zu erf\u00fcllen.<\/p>\n","protected":false},"excerpt":{"rendered":"<p>Axpo hat nach nur 11 Monaten Bauzeit ihren ersten Onshore-Windpark in Finnland erfolgreich in Betrieb genommen. Der Windpark L\u00e5lax in der Gemeinde V\u00f6r\u00e5, Region \u00d6sterbotten, markiert einen bedeutenden Meilenstein f\u00fcr Axpo und unterstreicht die Wachstumsambitionen des Unternehmens im Bereich der erneuerbaren Energien. Der Windpark besteht aus vier hochmodernen Windkraftanlagen des Typs Vestas mit einer Nennleistung [&hellip;]<\/p>\n","protected":false},"author":3,"featured_media":15282,"comment_status":"closed","ping_status":"closed","sticky":false,"template":"","format":"standard","meta":{"footnotes":""},"categories":[75],"tags":[],"class_list":["post-15281","post","type-post","status-publish","format-standard","has-post-thumbnail","hentry","category-presse-de"],"yoast_head":"<!-- This site is optimized with the Yoast SEO plugin v27.4 - https:\/\/yoast.com\/product\/yoast-seo-wordpress\/ -->\n<title>Premiere in Finnland: Erster Windpark in Betrieb | Volkswind<\/title>\n<meta name=\"robots\" content=\"index, follow, max-snippet:-1, max-image-preview:large, max-video-preview:-1\" \/>\n<link rel=\"canonical\" href=\"https:\/\/volkswind.com\/de\/premiere-in-finnland-erster-windpark-in-betrieb\/\" \/>\n<meta property=\"og:locale\" content=\"de_DE\" \/>\n<meta property=\"og:type\" content=\"article\" \/>\n<meta property=\"og:title\" content=\"Premiere in Finnland: Erster Windpark in Betrieb | Volkswind\" \/>\n<meta property=\"og:description\" content=\"Axpo hat nach nur 11 Monaten Bauzeit ihren ersten Onshore-Windpark in Finnland erfolgreich in Betrieb genommen. Der Windpark L\u00e5lax in der Gemeinde V\u00f6r\u00e5, Region \u00d6sterbotten, markiert einen bedeutenden Meilenstein f\u00fcr Axpo und unterstreicht die Wachstumsambitionen des Unternehmens im Bereich der erneuerbaren Energien. Der Windpark besteht aus vier hochmodernen Windkraftanlagen des Typs Vestas mit einer Nennleistung [&hellip;]\" \/>\n<meta property=\"og:url\" content=\"https:\/\/volkswind.com\/de\/premiere-in-finnland-erster-windpark-in-betrieb\/\" \/>\n<meta property=\"og:site_name\" content=\"Volkswind\" \/>\n<meta property=\"article:published_time\" content=\"2025-09-04T09:45:07+00:00\" \/>\n<meta property=\"article:modified_time\" content=\"2025-09-04T09:45:09+00:00\" \/>\n<meta property=\"og:image\" content=\"https:\/\/volkswind.com\/wp-content\/uploads\/DSC_0063_neu-scaled.jpg\" \/>\n\t<meta property=\"og:image:width\" content=\"2560\" \/>\n\t<meta property=\"og:image:height\" content=\"1530\" \/>\n\t<meta property=\"og:image:type\" content=\"image\/jpeg\" \/>\n<meta name=\"author\" content=\"Tanja Schur\" \/>\n<meta name=\"twitter:card\" content=\"summary_large_image\" \/>\n<meta name=\"twitter:label1\" content=\"Verfasst von\" \/>\n\t<meta name=\"twitter:data1\" content=\"Tanja Schur\" \/>\n\t<meta name=\"twitter:label2\" content=\"Gesch\u00e4tzte Lesezeit\" \/>\n\t<meta name=\"twitter:data2\" content=\"3\u00a0Minuten\" \/>\n<script type=\"application\/ld+json\" class=\"yoast-schema-graph\">{\"@context\":\"https:\\\/\\\/schema.org\",\"@graph\":[{\"@type\":\"Article\",\"@id\":\"https:\\\/\\\/volkswind.com\\\/de\\\/premiere-in-finnland-erster-windpark-in-betrieb\\\/#article\",\"isPartOf\":{\"@id\":\"https:\\\/\\\/volkswind.com\\\/de\\\/premiere-in-finnland-erster-windpark-in-betrieb\\\/\"},\"author\":{\"name\":\"Tanja Schur\",\"@id\":\"https:\\\/\\\/volkswind.com\\\/de\\\/#\\\/schema\\\/person\\\/e8b2258e506c8eefe62c8e0a87727fd7\"},\"headline\":\"Premiere in Finnland: Erster Windpark in Betrieb\",\"datePublished\":\"2025-09-04T09:45:07+00:00\",\"dateModified\":\"2025-09-04T09:45:09+00:00\",\"mainEntityOfPage\":{\"@id\":\"https:\\\/\\\/volkswind.com\\\/de\\\/premiere-in-finnland-erster-windpark-in-betrieb\\\/\"},\"wordCount\":567,\"image\":{\"@id\":\"https:\\\/\\\/volkswind.com\\\/de\\\/premiere-in-finnland-erster-windpark-in-betrieb\\\/#primaryimage\"},\"thumbnailUrl\":\"https:\\\/\\\/volkswind.com\\\/wp-content\\\/uploads\\\/DSC_0063_neu-scaled.jpg\",\"articleSection\":[\"Pressemitteilungen\"],\"inLanguage\":\"de\"},{\"@type\":\"WebPage\",\"@id\":\"https:\\\/\\\/volkswind.com\\\/de\\\/premiere-in-finnland-erster-windpark-in-betrieb\\\/\",\"url\":\"https:\\\/\\\/volkswind.com\\\/de\\\/premiere-in-finnland-erster-windpark-in-betrieb\\\/\",\"name\":\"Premiere in Finnland: Erster Windpark in Betrieb | Volkswind\",\"isPartOf\":{\"@id\":\"https:\\\/\\\/volkswind.com\\\/de\\\/#website\"},\"primaryImageOfPage\":{\"@id\":\"https:\\\/\\\/volkswind.com\\\/de\\\/premiere-in-finnland-erster-windpark-in-betrieb\\\/#primaryimage\"},\"image\":{\"@id\":\"https:\\\/\\\/volkswind.com\\\/de\\\/premiere-in-finnland-erster-windpark-in-betrieb\\\/#primaryimage\"},\"thumbnailUrl\":\"https:\\\/\\\/volkswind.com\\\/wp-content\\\/uploads\\\/DSC_0063_neu-scaled.jpg\",\"datePublished\":\"2025-09-04T09:45:07+00:00\",\"dateModified\":\"2025-09-04T09:45:09+00:00\",\"author\":{\"@id\":\"https:\\\/\\\/volkswind.com\\\/de\\\/#\\\/schema\\\/person\\\/e8b2258e506c8eefe62c8e0a87727fd7\"},\"breadcrumb\":{\"@id\":\"https:\\\/\\\/volkswind.com\\\/de\\\/premiere-in-finnland-erster-windpark-in-betrieb\\\/#breadcrumb\"},\"inLanguage\":\"de\",\"potentialAction\":[{\"@type\":\"ReadAction\",\"target\":[\"https:\\\/\\\/volkswind.com\\\/de\\\/premiere-in-finnland-erster-windpark-in-betrieb\\\/\"]}]},{\"@type\":\"ImageObject\",\"inLanguage\":\"de\",\"@id\":\"https:\\\/\\\/volkswind.com\\\/de\\\/premiere-in-finnland-erster-windpark-in-betrieb\\\/#primaryimage\",\"url\":\"https:\\\/\\\/volkswind.com\\\/wp-content\\\/uploads\\\/DSC_0063_neu-scaled.jpg\",\"contentUrl\":\"https:\\\/\\\/volkswind.com\\\/wp-content\\\/uploads\\\/DSC_0063_neu-scaled.jpg\",\"width\":2560,\"height\":1530},{\"@type\":\"BreadcrumbList\",\"@id\":\"https:\\\/\\\/volkswind.com\\\/de\\\/premiere-in-finnland-erster-windpark-in-betrieb\\\/#breadcrumb\",\"itemListElement\":[{\"@type\":\"ListItem\",\"position\":1,\"name\":\"Accueil\",\"item\":\"https:\\\/\\\/volkswind.com\\\/de\\\/\"},{\"@type\":\"ListItem\",\"position\":2,\"name\":\"Premiere in Finnland: Erster Windpark in Betrieb\"}]},{\"@type\":\"WebSite\",\"@id\":\"https:\\\/\\\/volkswind.com\\\/de\\\/#website\",\"url\":\"https:\\\/\\\/volkswind.com\\\/de\\\/\",\"name\":\"Volkswind\",\"description\":\"\",\"potentialAction\":[{\"@type\":\"SearchAction\",\"target\":{\"@type\":\"EntryPoint\",\"urlTemplate\":\"https:\\\/\\\/volkswind.com\\\/de\\\/?s={search_term_string}\"},\"query-input\":{\"@type\":\"PropertyValueSpecification\",\"valueRequired\":true,\"valueName\":\"search_term_string\"}}],\"inLanguage\":\"de\"},{\"@type\":\"Person\",\"@id\":\"https:\\\/\\\/volkswind.com\\\/de\\\/#\\\/schema\\\/person\\\/e8b2258e506c8eefe62c8e0a87727fd7\",\"name\":\"Tanja Schur\"}]}<\/script>\n<!-- \/ Yoast SEO plugin. -->","yoast_head_json":{"title":"Premiere in Finnland: Erster Windpark in Betrieb | Volkswind","robots":{"index":"index","follow":"follow","max-snippet":"max-snippet:-1","max-image-preview":"max-image-preview:large","max-video-preview":"max-video-preview:-1"},"canonical":"https:\/\/volkswind.com\/de\/premiere-in-finnland-erster-windpark-in-betrieb\/","og_locale":"de_DE","og_type":"article","og_title":"Premiere in Finnland: Erster Windpark in Betrieb | Volkswind","og_description":"Axpo hat nach nur 11 Monaten Bauzeit ihren ersten Onshore-Windpark in Finnland erfolgreich in Betrieb genommen. Der Windpark L\u00e5lax in der Gemeinde V\u00f6r\u00e5, Region \u00d6sterbotten, markiert einen bedeutenden Meilenstein f\u00fcr Axpo und unterstreicht die Wachstumsambitionen des Unternehmens im Bereich der erneuerbaren Energien. Der Windpark besteht aus vier hochmodernen Windkraftanlagen des Typs Vestas mit einer Nennleistung [&hellip;]","og_url":"https:\/\/volkswind.com\/de\/premiere-in-finnland-erster-windpark-in-betrieb\/","og_site_name":"Volkswind","article_published_time":"2025-09-04T09:45:07+00:00","article_modified_time":"2025-09-04T09:45:09+00:00","og_image":[{"width":2560,"height":1530,"url":"https:\/\/volkswind.com\/wp-content\/uploads\/DSC_0063_neu-scaled.jpg","type":"image\/jpeg"}],"author":"Tanja Schur","twitter_card":"summary_large_image","twitter_misc":{"Verfasst von":"Tanja Schur","Gesch\u00e4tzte Lesezeit":"3\u00a0Minuten"},"schema":{"@context":"https:\/\/schema.org","@graph":[{"@type":"Article","@id":"https:\/\/volkswind.com\/de\/premiere-in-finnland-erster-windpark-in-betrieb\/#article","isPartOf":{"@id":"https:\/\/volkswind.com\/de\/premiere-in-finnland-erster-windpark-in-betrieb\/"},"author":{"name":"Tanja Schur","@id":"https:\/\/volkswind.com\/de\/#\/schema\/person\/e8b2258e506c8eefe62c8e0a87727fd7"},"headline":"Premiere in Finnland: Erster Windpark in Betrieb","datePublished":"2025-09-04T09:45:07+00:00","dateModified":"2025-09-04T09:45:09+00:00","mainEntityOfPage":{"@id":"https:\/\/volkswind.com\/de\/premiere-in-finnland-erster-windpark-in-betrieb\/"},"wordCount":567,"image":{"@id":"https:\/\/volkswind.com\/de\/premiere-in-finnland-erster-windpark-in-betrieb\/#primaryimage"},"thumbnailUrl":"https:\/\/volkswind.com\/wp-content\/uploads\/DSC_0063_neu-scaled.jpg","articleSection":["Pressemitteilungen"],"inLanguage":"de"},{"@type":"WebPage","@id":"https:\/\/volkswind.com\/de\/premiere-in-finnland-erster-windpark-in-betrieb\/","url":"https:\/\/volkswind.com\/de\/premiere-in-finnland-erster-windpark-in-betrieb\/","name":"Premiere in Finnland: Erster Windpark in Betrieb | Volkswind","isPartOf":{"@id":"https:\/\/volkswind.com\/de\/#website"},"primaryImageOfPage":{"@id":"https:\/\/volkswind.com\/de\/premiere-in-finnland-erster-windpark-in-betrieb\/#primaryimage"},"image":{"@id":"https:\/\/volkswind.com\/de\/premiere-in-finnland-erster-windpark-in-betrieb\/#primaryimage"},"thumbnailUrl":"https:\/\/volkswind.com\/wp-content\/uploads\/DSC_0063_neu-scaled.jpg","datePublished":"2025-09-04T09:45:07+00:00","dateModified":"2025-09-04T09:45:09+00:00","author":{"@id":"https:\/\/volkswind.com\/de\/#\/schema\/person\/e8b2258e506c8eefe62c8e0a87727fd7"},"breadcrumb":{"@id":"https:\/\/volkswind.com\/de\/premiere-in-finnland-erster-windpark-in-betrieb\/#breadcrumb"},"inLanguage":"de","potentialAction":[{"@type":"ReadAction","target":["https:\/\/volkswind.com\/de\/premiere-in-finnland-erster-windpark-in-betrieb\/"]}]},{"@type":"ImageObject","inLanguage":"de","@id":"https:\/\/volkswind.com\/de\/premiere-in-finnland-erster-windpark-in-betrieb\/#primaryimage","url":"https:\/\/volkswind.com\/wp-content\/uploads\/DSC_0063_neu-scaled.jpg","contentUrl":"https:\/\/volkswind.com\/wp-content\/uploads\/DSC_0063_neu-scaled.jpg","width":2560,"height":1530},{"@type":"BreadcrumbList","@id":"https:\/\/volkswind.com\/de\/premiere-in-finnland-erster-windpark-in-betrieb\/#breadcrumb","itemListElement":[{"@type":"ListItem","position":1,"name":"Accueil","item":"https:\/\/volkswind.com\/de\/"},{"@type":"ListItem","position":2,"name":"Premiere in Finnland: Erster Windpark in Betrieb"}]},{"@type":"WebSite","@id":"https:\/\/volkswind.com\/de\/#website","url":"https:\/\/volkswind.com\/de\/","name":"Volkswind","description":"","potentialAction":[{"@type":"SearchAction","target":{"@type":"EntryPoint","urlTemplate":"https:\/\/volkswind.com\/de\/?s={search_term_string}"},"query-input":{"@type":"PropertyValueSpecification","valueRequired":true,"valueName":"search_term_string"}}],"inLanguage":"de"},{"@type":"Person","@id":"https:\/\/volkswind.com\/de\/#\/schema\/person\/e8b2258e506c8eefe62c8e0a87727fd7","name":"Tanja Schur"}]}},"_links":{"self":[{"href":"https:\/\/volkswind.com\/de\/wp-json\/wp\/v2\/posts\/15281","targetHints":{"allow":["GET"]}}],"collection":[{"href":"https:\/\/volkswind.com\/de\/wp-json\/wp\/v2\/posts"}],"about":[{"href":"https:\/\/volkswind.com\/de\/wp-json\/wp\/v2\/types\/post"}],"author":[{"embeddable":true,"href":"https:\/\/volkswind.com\/de\/wp-json\/wp\/v2\/users\/3"}],"replies":[{"embeddable":true,"href":"https:\/\/volkswind.com\/de\/wp-json\/wp\/v2\/comments?post=15281"}],"version-history":[{"count":1,"href":"https:\/\/volkswind.com\/de\/wp-json\/wp\/v2\/posts\/15281\/revisions"}],"predecessor-version":[{"id":15285,"href":"https:\/\/volkswind.com\/de\/wp-json\/wp\/v2\/posts\/15281\/revisions\/15285"}],"wp:featuredmedia":[{"embeddable":true,"href":"https:\/\/volkswind.com\/de\/wp-json\/wp\/v2\/media\/15282"}],"wp:attachment":[{"href":"https:\/\/volkswind.com\/de\/wp-json\/wp\/v2\/media?parent=15281"}],"wp:term":[{"taxonomy":"category","embeddable":true,"href":"https:\/\/volkswind.com\/de\/wp-json\/wp\/v2\/categories?post=15281"},{"taxonomy":"post_tag","embeddable":true,"href":"https:\/\/volkswind.com\/de\/wp-json\/wp\/v2\/tags?post=15281"}],"curies":[{"name":"wp","href":"https:\/\/api.w.org\/{rel}","templated":true}]}}